{"id":4602,"date":"2018-04-11T20:28:56","date_gmt":"2018-04-11T18:28:56","guid":{"rendered":"https:\/\/centers.ulbsibiu.ro\/ccsprise\/lact\/?p=4602"},"modified":"2018-04-11T20:28:56","modified_gmt":"2018-04-11T18:28:56","slug":"gov-md-intrevederea-viceprim-ministrului-cristina-lesnic-cu-sefa-directiei-masuri-de-consolidare-a-increderii-din-cadrul-consiliului-europei-anna-capello","status":"publish","type":"post","link":"https:\/\/centers.ulbsibiu.ro\/ccsprise\/lact\/gov-md-intrevederea-viceprim-ministrului-cristina-lesnic-cu-sefa-directiei-masuri-de-consolidare-a-increderii-din-cadrul-consiliului-europei-anna-capello\/","title":{"rendered":"Gov.md &#8211; \u00centrevederea Viceprim-ministrului Cristina Lesnic cu \u015eefa Direc\u021biei m\u0103suri de consolidare a \u00eencrederii din cadrul Consiliului Europei Anna Capello"},"content":{"rendered":"<p>Viceprim-ministrul Cristina Lesnic a avut ast\u0103zi, 11 aprilie, o \u00eentrevedere cu \u015eefa Direc\u021biei m\u0103suri de consolidare a \u00eencrederii din cadrul Consiliului Europei (CoE) Anna Capello, \u00eenso\u021bit\u0103 de c\u0103tre consilierul politic Myrtia Murgia.<\/p>\n<p>Principalul subiect al discu\u021biilor a vizat perspectivele de implementare a unor proiecte pentru promovarea m\u0103surilor de consolidare a \u00eencrederii, finan\u0163ate prin intermediul Planului de ac\u0163iuni Republica Moldova \u2013 Consiliul Europei 2017-2020, aprobat de c\u0103tre Comitetul de Mini\u0219tri al CoE pe 01.02.2017, fiind, totodat\u0103, trecute \u00een revist\u0103 unele proiecte de succes aflate la etapa de aplicare practic\u0103 (de ex.: workshop-urile organizate pentru profesorii de limb\u0103 englez\u0103 de pe ambele maluri ale r.Nistru \u00een perioada 23-25 august \u0219i 28-30 noiembrie 2017 la Centrul European de Limbi Moderne din or.Graz, Austria).<\/p>\n<p>\u00cen context, a fost punctat\u0103 necesitatea dezvolt\u0103rii proiectelor pe componenta \u00eembun\u0103t\u0103\u021birii interac\u021biunii \u00eentre organiza\u021biile mediului asociativ de pe ambele maluri \u0219i a promov\u0103rii drepturilor omului \u00een regiunea transnistrean\u0103, cu accente primordiale pe ap\u0103rarea drepturilor inalienabile ale copiilor, persoanelor social-vulnerabile \u0219i celor cu dizabilit\u0103\u021bi, dar \u0219i a garant\u0103rii respect\u0103rii tuturor drepturilor universal recunoscute (la educa\u021bie, libera circula\u021bie etc), cu examinarea posibilit\u0103\u021bii de extindere a prevederilor Conven\u021biei CoE pentru protec\u0163ia copiilor \u00eempotriva exploat\u0103rii sexuale \u015fi a abuzurilor sexuale (Lanzarote, 25.10.2007) \u00een raioanele de est ale \u021b\u0103rii.<\/p>\n<p>De asemenea, au fost apreciate recomand\u0103rile \u0219i comentariile formulate \u00een anul 2016 de c\u0103tre exper\u021bii CoE \u00eentr-un raport privind asigurarea bunei func\u021bion\u0103ri a \u0219colilor cu predare \u00een grafia latin\u0103 \u00een regiunea transnistrean\u0103, cu men\u021biunea c\u0103 acestea vor fi luate \u00een considerare de c\u0103tre autorit\u0103\u021bile de profil ale Republicii Moldova, fiind, totodat\u0103, salutat\u0103 ini\u021biativa CoE de a organiza \u00een luna iunie curent o tab\u0103r\u0103 de pace cu genericul \u201eYouth peace camp\u201d cu participarea elevilor \u0219i tinerilor de pe ambele maluri ale Nistrului.<\/p>\n<p>Sursa:\u00a0<a href=\"http:\/\/gov.md\/ro\/content\/intrevederea-viceprim-ministrului-cristina-lesnic-cu-sefa-directiei-masuri-de-consolidare\">http:\/\/gov.md\/<\/a><\/p>\n","protected":false},"excerpt":{"rendered":"<p>Viceprim-ministrul Cristina Lesnic a avut ast\u0103zi, 11 aprilie, o \u00eentrevedere cu \u015eefa Direc\u021biei m\u0103suri de consolidare a \u00eencrederii din cadrul Consiliului Europei (CoE) Anna Capello, \u00eenso\u021bit\u0103 de c\u0103tre consilierul politic Myrtia Murgia. Principalul subiect al discu\u021biilor a vizat perspectivele de implementare a unor proiecte pentru promovarea m\u0103surilor de consolidare a \u00eencrederii, finan\u0163ate prin intermediul Planului&#8230;<\/p>\n","protected":false},"author":2,"featured_media":0,"comment_status":"closed","ping_status":"open","sticky":false,"template":"","format":"standard","meta":[],"categories":[1],"tags":[],"_links":{"self":[{"href":"https:\/\/centers.ulbsibiu.ro\/ccsprise\/lact\/wp-json\/wp\/v2\/posts\/4602"}],"collection":[{"href":"https:\/\/centers.ulbsibiu.ro\/ccsprise\/lact\/wp-json\/wp\/v2\/posts"}],"about":[{"href":"https:\/\/centers.ulbsibiu.ro\/ccsprise\/lact\/wp-json\/wp\/v2\/types\/post"}],"author":[{"embeddable":true,"href":"https:\/\/centers.ulbsibiu.ro\/ccsprise\/lact\/wp-json\/wp\/v2\/users\/2"}],"replies":[{"embeddable":true,"href":"https:\/\/centers.ulbsibiu.ro\/ccsprise\/lact\/wp-json\/wp\/v2\/comments?post=4602"}],"version-history":[{"count":1,"href":"https:\/\/centers.ulbsibiu.ro\/ccsprise\/lact\/wp-json\/wp\/v2\/posts\/4602\/revisions"}],"predecessor-version":[{"id":4603,"href":"https:\/\/centers.ulbsibiu.ro\/ccsprise\/lact\/wp-json\/wp\/v2\/posts\/4602\/revisions\/4603"}],"wp:attachment":[{"href":"https:\/\/centers.ulbsibiu.ro\/ccsprise\/lact\/wp-json\/wp\/v2\/media?parent=4602"}],"wp:term":[{"taxonomy":"category","embeddable":true,"href":"https:\/\/centers.ulbsibiu.ro\/ccsprise\/lact\/wp-json\/wp\/v2\/categories?post=4602"},{"taxonomy":"post_tag","embeddable":true,"href":"https:\/\/centers.ulbsibiu.ro\/ccsprise\/lact\/wp-json\/wp\/v2\/tags?post=4602"}],"curies":[{"name":"wp","href":"https:\/\/api.w.org\/{rel}","templated":true}]}}