{"id":4598,"date":"2018-04-07T18:11:26","date_gmt":"2018-04-07T16:11:26","guid":{"rendered":"https:\/\/centers.ulbsibiu.ro\/ccsprise\/lact\/?p=4598"},"modified":"2018-04-07T18:11:26","modified_gmt":"2018-04-07T16:11:26","slug":"gov-md-la-tiraspol-a-avut-loc-sedinta-ordinara-a-grupurilor-de-lucru-pentru-agricultura-si-ocrotirea-mediului","status":"publish","type":"post","link":"https:\/\/centers.ulbsibiu.ro\/ccsprise\/lact\/gov-md-la-tiraspol-a-avut-loc-sedinta-ordinara-a-grupurilor-de-lucru-pentru-agricultura-si-ocrotirea-mediului\/","title":{"rendered":"Gov.md &#8211; La Tiraspol a avut loc \u015fedin\u0163a ordinar\u0103 a grupurilor de lucru pentru agricultur\u0103 \u0219i ocrotirea mediului"},"content":{"rendered":"<p align=\"JUSTIFY\"><span lang=\"ro-MD\" xml:lang=\"ro-MD\">A<\/span><span lang=\"ro-RO\" xml:lang=\"ro-RO\">st\u0103zi, 06 aprilie 2018, la sediul din or.Tiraspol a Misiunii OSCE din Moldova a avut loc \u0219edin\u021ba ordinar\u0103 a grupurilor de lucru pentru agricultur\u0103 \u0219i ocrotirea mediului. <\/span><\/p>\n<p align=\"JUSTIFY\"><span lang=\"ro-RO\" xml:lang=\"ro-RO\">\u00cen cadrul \u0219edin\u021bei exper\u021bii au efectuat un schimb de opinii pe marginea subiectelor ce urmeaz\u0103 a fi incluse pe agenda grupului de lucru din anul 2018 \u0219i vizavi de implementarea documentelor semnate \u00een anii 2015-2016, \u0219i anume: <\/span><\/p>\n<p align=\"JUSTIFY\"><span lang=\"ro-RO\" xml:lang=\"ro-RO\">1. Decizia protocolar\u0103 \u201eCu privire la cooperarea \u00een domeniul protec\u0163iei mediului \u015fi utiliz\u0103rii ra\u0163ionale a resurselor naturale\u201d din 30.10.2015,<\/span><\/p>\n<p align=\"JUSTIFY\"><span lang=\"ro-RO\" xml:lang=\"ro-RO\">2. Protocolul \u201ePrivind interac\u0163iunea \u00een domeniul hidrometeorologiei\u201d din 10.06.2016,<\/span><\/p>\n<p align=\"JUSTIFY\"><span lang=\"ro-RO\" xml:lang=\"ro-RO\">3. Protocolul \u201eDe cooperare \u00een domeniul gestion\u0103rii pescuitului \u015fi utiliz\u0103rii durabile a resurselor biologice acvatice ale r\u00e2ului Nistru\u201d din 15.06.2016.<\/span><\/p>\n<p lang=\"ro-RO\" xml:lang=\"ro-RO\" align=\"JUSTIFY\">De asemenea, p\u0103r\u021bile au discutat aspecte referitoare la:<\/p>\n<p align=\"JUSTIFY\"><span lang=\"ro-RO\" xml:lang=\"ro-RO\">&#8211; instituirea unor perioade de prohibi\u021bie pentru pescuit \u00een bazinul r.Nistru<\/span><span lang=\"ro-RO\" xml:lang=\"ro-RO\"> \u00een perioada de reproducere natural\u0103 a hidrobion\u021bilor, cu elaborarea recomand\u0103rilor de resort,<\/span><\/p>\n<p><span lang=\"ro-RO\" xml:lang=\"ro-RO\">&#8211; s<\/span><span lang=\"ro-RO\" xml:lang=\"ro-RO\">chimbul zilnic de informa\u021bii \u00een domeniul hidrometeorologic,<\/span><\/p>\n<p align=\"JUSTIFY\"><span lang=\"ro-RO\" xml:lang=\"ro-RO\">&#8211; efectuarea schimbului de date despre calitatea aerului \u0219i nivelul de expunere la radia\u021bii,<\/span><\/p>\n<p align=\"JUSTIFY\"><span lang=\"ro-RO\" xml:lang=\"ro-RO\">&#8211; coordonarea \u0219i restabilirea formatului de prelevare a probelor de pe suprafa\u021ba apei, inclusiv, de pe malul st\u00e2ng al r. Nistru,<\/span><\/p>\n<p align=\"JUSTIFY\"><span lang=\"ro-RO\" xml:lang=\"ro-RO\">&#8211; <\/span><span lang=\"ro-RO\" xml:lang=\"ro-RO\">combaterea braconajului \u0219i a pescuitului ilegal \u00een perioadele de prohibi\u021bie stabilite,<\/span><\/p>\n<p align=\"JUSTIFY\"><span lang=\"ro-RO\" xml:lang=\"ro-RO\">&#8211; schimbul informa\u021bional \u0219i stabilirea unui plan comun privind \u00eenmul\u021birea pe\u0219tilor de diverse soiuri \u00een r. Nistru,<\/span><\/p>\n<p align=\"JUSTIFY\"><span lang=\"ro-RO\" xml:lang=\"ro-RO\">&#8211; prolongarea termenului de ac\u021biune al Deciziei protocolare din 15.06.2016.<\/span><\/p>\n<p lang=\"ro-RO\" xml:lang=\"ro-RO\" align=\"JUSTIFY\">P\u0103r\u021bile au reiterat necesitatea asigur\u0103rii unei activit\u0103\u021bi dinamice \u00een cadrul grupurilor de lucru sectoriale \u0219i a realiz\u0103rii plenare a angajamentelor asumate.<\/p>\n<p lang=\"ro-RO\" xml:lang=\"ro-RO\" align=\"JUSTIFY\">Sursa:\u00a0<a href=\"http:\/\/gov.md\/ro\/content\/la-tiraspol-avut-loc-sedinta-ordinara-grupurilor-de-lucru-pentru-agricultura-si-ocrotirea\">http:\/\/gov.md\/<\/a><\/p>\n","protected":false},"excerpt":{"rendered":"<p>Ast\u0103zi, 06 aprilie 2018, la sediul din or.Tiraspol a Misiunii OSCE din Moldova a avut loc \u0219edin\u021ba ordinar\u0103 a grupurilor de lucru pentru agricultur\u0103 \u0219i ocrotirea mediului. \u00cen cadrul \u0219edin\u021bei exper\u021bii au efectuat un schimb de opinii pe marginea subiectelor ce urmeaz\u0103 a fi incluse pe agenda grupului de lucru din anul 2018 \u0219i vizavi&#8230;<\/p>\n","protected":false},"author":2,"featured_media":0,"comment_status":"closed","ping_status":"open","sticky":false,"template":"","format":"standard","meta":[],"categories":[1],"tags":[],"_links":{"self":[{"href":"https:\/\/centers.ulbsibiu.ro\/ccsprise\/lact\/wp-json\/wp\/v2\/posts\/4598"}],"collection":[{"href":"https:\/\/centers.ulbsibiu.ro\/ccsprise\/lact\/wp-json\/wp\/v2\/posts"}],"about":[{"href":"https:\/\/centers.ulbsibiu.ro\/ccsprise\/lact\/wp-json\/wp\/v2\/types\/post"}],"author":[{"embeddable":true,"href":"https:\/\/centers.ulbsibiu.ro\/ccsprise\/lact\/wp-json\/wp\/v2\/users\/2"}],"replies":[{"embeddable":true,"href":"https:\/\/centers.ulbsibiu.ro\/ccsprise\/lact\/wp-json\/wp\/v2\/comments?post=4598"}],"version-history":[{"count":1,"href":"https:\/\/centers.ulbsibiu.ro\/ccsprise\/lact\/wp-json\/wp\/v2\/posts\/4598\/revisions"}],"predecessor-version":[{"id":4599,"href":"https:\/\/centers.ulbsibiu.ro\/ccsprise\/lact\/wp-json\/wp\/v2\/posts\/4598\/revisions\/4599"}],"wp:attachment":[{"href":"https:\/\/centers.ulbsibiu.ro\/ccsprise\/lact\/wp-json\/wp\/v2\/media?parent=4598"}],"wp:term":[{"taxonomy":"category","embeddable":true,"href":"https:\/\/centers.ulbsibiu.ro\/ccsprise\/lact\/wp-json\/wp\/v2\/categories?post=4598"},{"taxonomy":"post_tag","embeddable":true,"href":"https:\/\/centers.ulbsibiu.ro\/ccsprise\/lact\/wp-json\/wp\/v2\/tags?post=4598"}],"curies":[{"name":"wp","href":"https:\/\/api.w.org\/{rel}","templated":true}]}}