{"id":4596,"date":"2018-04-06T17:35:32","date_gmt":"2018-04-06T15:35:32","guid":{"rendered":"https:\/\/centers.ulbsibiu.ro\/ccsprise\/lact\/?p=4596"},"modified":"2020-06-12T15:34:19","modified_gmt":"2020-06-12T13:34:19","slug":"europalibera-org-m-mazureanu-oamenii-nu-mai-sint-interesati-de-reintegrarea-transnistriei-ci-de-cum-sa-scape-de-ea-mai-putin-dureros","status":"publish","type":"post","link":"https:\/\/centers.ulbsibiu.ro\/ccsprise\/lact\/europalibera-org-m-mazureanu-oamenii-nu-mai-sint-interesati-de-reintegrarea-transnistriei-ci-de-cum-sa-scape-de-ea-mai-putin-dureros\/","title":{"rendered":"Europalibera.org &#8211; M. Mazureanu: Oamenii nu mai s\u00eent interesa\u021bi de reintegrarea Transnistriei, ci de cum s\u0103 scape de ea mai pu\u021bin dureros"},"content":{"rendered":"<p><a class=\"links__item-link\" title=\"Lina Gr\u00e2u\" href=\"https:\/\/www.europalibera.org\/author\/22344.html\">Lina Gr\u00e2u<\/a><\/p>\n<p>&nbsp;<\/p>\n<div class=\"intro content-offset\">\n<p>Interviu cu un expert care a predat \u015ftiin\u0163e politice \u00een Germania \u015fi SUA.<\/p>\n<\/div>\n<div id=\"article-content\" class=\"content-floated-wrap\">\n<div class=\"wsw\">\n<p><em>Mark Mazureanu este expert la asocia\u021bia ADEPT de la Chi\u015fin\u0103u, revenit recent din str\u0103in\u0103tate, unde timp de 10 ani a studiat \u0219i predat \u0219tiin\u021be politice \u00een Germania \u0219i SUA.<\/em><\/p>\n<p><span style=\"display: inline !important; float: none; background-color: transparent; color: #1f2124; font-family: 'Skolar-Light_Cyr-Ltn',Georgia,Times,'Times New Roman',serif; font-size: 18px; font-style: normal; font-variant: normal; font-weight: bold; letter-spacing: normal; orphans: 2; text-align: left; text-decoration: none; text-indent: 0px; text-transform: none; -webkit-text-stroke-width: 0px; white-space: normal; word-spacing: 0px;\">Europa Liber\u0103: Conflictele \u00eenghe\u021bate ca mecanism de control al Federa\u0163iei Ruse \u00een spa\u021biul post sovietic. S-a vorbit foarte mult despre faptul c\u0103 anume aceasta a fost geneza acestor conflicte \u0219i acesta a fost interesul care a determinat Rusia, la \u00eenceputul anilor 1990, s\u0103-\u0219i lase aceste \u201eamprente\u201d \u00een spa\u021biul post-sovietic. Dvs. \u00eemp\u0103rt\u0103\u0219i\u021bi acest punct de vedere?<\/span><\/p>\n<p><strong>Mark Mazureanu:<\/strong> \u201eConflictele \u00eenghe\u021bate sunt un element din meniul comportamental vizavi de statele \u00eenvecinate. Deci, este un mecanism bine stabilit, care a fost testat \u00een timp, care func\u021bioneaz\u0103 \u0219i care d\u0103 beneficii vizibil pozitive pentru Federa\u0163ia Rus\u0103. Din acest motiv, vedem anumite modele de conflict care sunt promovate, \u00eenghe\u021bate \u0219i administrate \u00een continuare. Deci, putem vorbi despre \u201eo ferm\u0103 de conflicte \u00eenghe\u021bate\u201d.<\/p>\n<p><strong>Europa Liber\u0103: De ce sunt \u021binute de rezerv\u0103 aceste conflicte? Care ar fi utilitatea practic\u0103 a lor pentru Federa\u0163ia Rus\u0103?<\/strong><\/p>\n<p><strong>Mark Mazureanu:<\/strong> \u201eEste foarte greu de vorbit despre utilitatea practic\u0103 a\u0219a cum \u00een\u021belegem noi aceast\u0103 no\u021biune. Nu este o form\u0103 de control colonial sau post-colonial. Este posibilitatea de a fi prezent \u00eentr-o anumit\u0103 regiune \u0219i de a exercita presiuni asupra teritoriului prin administrarea conflictului. \u00cen acest context, sigur, putem spune c\u0103 exist\u0103 o dorin\u021b\u0103 de a controla un teritoriu, dar nu este vorba despre o form\u0103 de control colonial. Pentru c\u0103 Federa\u0163ia Rus\u0103 nu are beneficii economice din exploatarea teritoriului dat. Mai degrab\u0103 este vorba despre abilitatea de a proiecta putere mai departe prin capacitatea de a men\u021bine un control \u0219i de a administra treburile economice \u0219i politice \u00een regiunea dat\u0103.\u201d<\/p>\n<p>Interviul integral la\u00a0<a href=\"https:\/\/www.europalibera.org\/a\/interviu-mark-mazureanu-reglamentare-transnistreana\/29149934.html\">https:\/\/www.europalibera.org\/<\/a><\/p>\n<\/div>\n<\/div>\n","protected":false},"excerpt":{"rendered":"<p>Lina Gr\u00e2u &nbsp; Interviu cu un expert care a predat \u015ftiin\u0163e politice \u00een Germania \u015fi SUA. Mark Mazureanu este expert la asocia\u021bia ADEPT de la Chi\u015fin\u0103u, revenit recent din str\u0103in\u0103tate, unde timp de 10 ani a studiat \u0219i predat \u0219tiin\u021be politice \u00een Germania \u0219i SUA. Europa Liber\u0103: Conflictele \u00eenghe\u021bate ca mecanism de control al Federa\u0163iei&#8230;<\/p>\n","protected":false},"author":2,"featured_media":0,"comment_status":"closed","ping_status":"open","sticky":false,"template":"","format":"standard","meta":[],"categories":[1],"tags":[],"_links":{"self":[{"href":"https:\/\/centers.ulbsibiu.ro\/ccsprise\/lact\/wp-json\/wp\/v2\/posts\/4596"}],"collection":[{"href":"https:\/\/centers.ulbsibiu.ro\/ccsprise\/lact\/wp-json\/wp\/v2\/posts"}],"about":[{"href":"https:\/\/centers.ulbsibiu.ro\/ccsprise\/lact\/wp-json\/wp\/v2\/types\/post"}],"author":[{"embeddable":true,"href":"https:\/\/centers.ulbsibiu.ro\/ccsprise\/lact\/wp-json\/wp\/v2\/users\/2"}],"replies":[{"embeddable":true,"href":"https:\/\/centers.ulbsibiu.ro\/ccsprise\/lact\/wp-json\/wp\/v2\/comments?post=4596"}],"version-history":[{"count":1,"href":"https:\/\/centers.ulbsibiu.ro\/ccsprise\/lact\/wp-json\/wp\/v2\/posts\/4596\/revisions"}],"predecessor-version":[{"id":4597,"href":"https:\/\/centers.ulbsibiu.ro\/ccsprise\/lact\/wp-json\/wp\/v2\/posts\/4596\/revisions\/4597"}],"wp:attachment":[{"href":"https:\/\/centers.ulbsibiu.ro\/ccsprise\/lact\/wp-json\/wp\/v2\/media?parent=4596"}],"wp:term":[{"taxonomy":"category","embeddable":true,"href":"https:\/\/centers.ulbsibiu.ro\/ccsprise\/lact\/wp-json\/wp\/v2\/categories?post=4596"},{"taxonomy":"post_tag","embeddable":true,"href":"https:\/\/centers.ulbsibiu.ro\/ccsprise\/lact\/wp-json\/wp\/v2\/tags?post=4596"}],"curies":[{"name":"wp","href":"https:\/\/api.w.org\/{rel}","templated":true}]}}