{"id":4594,"date":"2018-04-06T17:27:41","date_gmt":"2018-04-06T15:27:41","guid":{"rendered":"https:\/\/centers.ulbsibiu.ro\/ccsprise\/lact\/?p=4594"},"modified":"2018-04-06T17:27:41","modified_gmt":"2018-04-06T15:27:41","slug":"infotag-md-transnistria-este-interesata-de-experienta-separarii-civilizate-a-cehoslovaciei-vadim-krasnoselski","status":"publish","type":"post","link":"https:\/\/centers.ulbsibiu.ro\/ccsprise\/lact\/infotag-md-transnistria-este-interesata-de-experienta-separarii-civilizate-a-cehoslovaciei-vadim-krasnoselski\/","title":{"rendered":"Infotag.md &#8211; TRANSNISTRIA ESTE INTERESAT\u0102 DE EXPERIEN\u021aA SEPAR\u0102RII CIVILIZATE A CEHOSLOVACIEI \u2013 VADIM KRASNOSELSKI"},"content":{"rendered":"<p>Pre\u015fedintele autoproclamatei RMN, Vadim Krasnoselski, sus\u0163ine c\u0103 \u201eTiraspolul este interesat de experien\u021ba separ\u0103rii civilizate a Cehoslovaciei\u201d. Potrivit agen\u021biei INFOTAG cu referire la serviciul de pres\u0103 al liderului transnistrean, Krasnoselski a f\u0103cut aceast\u0103 declara\u0163ie la \u00eentrevederea de la Tiraspol cu Ambasadorul Slovaciei \u00een Moldova, Dusan Dacho.<\/p>\n<p>Potrivit lui, acest model de separare, care s-a p\u0103strat \u00een istorie sub denumirea \u201eDivor\u021bului de Catifea\u201d, \u201eeste fundamental pentru Transnistria\u201d.<\/p>\n<p>\u201eNu putem proiecta o realitate istoric\u0103 pe o alta, \u00eens\u0103, cu toate acestea, experien\u021ba Cehoslovaciei reprezint\u0103 un interes deosebit pentru noi\u201d, a subliniat Krasnoselski.<\/p>\n<p>El a men\u021bionat c\u0103 Transnistria este interesat\u0103 nu at\u00e2t de experien\u021ba \u201edivor\u021bului\u201d, c\u00e2t de coexisten\u021ba ulterioar\u0103 a teritoriilor separate: interac\u021biunea cultural\u0103, economic\u0103 \u0219i umanitar\u0103.<\/p>\n<p>\u201eCeea ce s-a \u00eent\u00e2mplat la 1 ianuarie 1993 este primul caz \u00een istorie o \u0163ar\u0103 a fost separat\u0103 \u00eentr-un mod civilizat. \u00centr-adev\u0103r, fiecare situa\u021bie necesit\u0103 o abordare special\u0103, trebuie s\u0103 fim aten\u021bi la specific \u0219i \u00een fiecare caz trebuie s\u0103 analiz\u0103m particularit\u0103\u0163ile, situa\u021bia\u201d, a spus diplomatul.<\/p>\n<p>Ambasadorul a amintit c\u0103, la 1 ianuarie 2019, Slovacia va prelua pre\u015fedin\u0163ia \u00een OSCE.<\/p>\n<p>\u201eNe preg\u0103tim activ de aceast\u0103 misiune, studiind toate problemele de care se ocup\u0103 organiza\u021bia. Procesul de negocieri dintre Transnistria \u0219i Moldova este unul dintre subiectele cele mai apropiate de partea slovac\u0103. Slovacia este atent\u0103 la ceea ce se \u00eent\u00e2mpl\u0103 aici, poate c\u0103 mai atent\u0103 dec\u00e2t ceilal\u021bi membri ai UE. Acest lucru este firesc. Noi analiz\u0103m mai profund reglementarea conflictului transnistrean\u201d, a spus Dacho.<\/p>\n<p>El a spus c\u0103 prioritatea \u021b\u0103rii sale este \u201estabilitatea \u0219i prosperitatea cet\u0103\u021benilor care locuiesc \u00een Moldova pe ambele maluri ale Nistrului\u201d.<\/p>\n<p>Sursa:\u00a0<a href=\"http:\/\/www.infotag.md\/rebelion-ro\/261814\/\">http:\/\/www.infotag.md\/<\/a><\/p>\n","protected":false},"excerpt":{"rendered":"<p>Pre\u015fedintele autoproclamatei RMN, Vadim Krasnoselski, sus\u0163ine c\u0103 \u201eTiraspolul este interesat de experien\u021ba separ\u0103rii civilizate a Cehoslovaciei\u201d. Potrivit agen\u021biei INFOTAG cu referire la serviciul de pres\u0103 al liderului transnistrean, Krasnoselski a f\u0103cut aceast\u0103 declara\u0163ie la \u00eentrevederea de la Tiraspol cu Ambasadorul Slovaciei \u00een Moldova, Dusan Dacho. Potrivit lui, acest model de separare, care s-a p\u0103strat \u00een&#8230;<\/p>\n","protected":false},"author":2,"featured_media":0,"comment_status":"closed","ping_status":"open","sticky":false,"template":"","format":"standard","meta":[],"categories":[1],"tags":[],"_links":{"self":[{"href":"https:\/\/centers.ulbsibiu.ro\/ccsprise\/lact\/wp-json\/wp\/v2\/posts\/4594"}],"collection":[{"href":"https:\/\/centers.ulbsibiu.ro\/ccsprise\/lact\/wp-json\/wp\/v2\/posts"}],"about":[{"href":"https:\/\/centers.ulbsibiu.ro\/ccsprise\/lact\/wp-json\/wp\/v2\/types\/post"}],"author":[{"embeddable":true,"href":"https:\/\/centers.ulbsibiu.ro\/ccsprise\/lact\/wp-json\/wp\/v2\/users\/2"}],"replies":[{"embeddable":true,"href":"https:\/\/centers.ulbsibiu.ro\/ccsprise\/lact\/wp-json\/wp\/v2\/comments?post=4594"}],"version-history":[{"count":1,"href":"https:\/\/centers.ulbsibiu.ro\/ccsprise\/lact\/wp-json\/wp\/v2\/posts\/4594\/revisions"}],"predecessor-version":[{"id":4595,"href":"https:\/\/centers.ulbsibiu.ro\/ccsprise\/lact\/wp-json\/wp\/v2\/posts\/4594\/revisions\/4595"}],"wp:attachment":[{"href":"https:\/\/centers.ulbsibiu.ro\/ccsprise\/lact\/wp-json\/wp\/v2\/media?parent=4594"}],"wp:term":[{"taxonomy":"category","embeddable":true,"href":"https:\/\/centers.ulbsibiu.ro\/ccsprise\/lact\/wp-json\/wp\/v2\/categories?post=4594"},{"taxonomy":"post_tag","embeddable":true,"href":"https:\/\/centers.ulbsibiu.ro\/ccsprise\/lact\/wp-json\/wp\/v2\/tags?post=4594"}],"curies":[{"name":"wp","href":"https:\/\/api.w.org\/{rel}","templated":true}]}}