{"id":4590,"date":"2018-04-05T20:04:01","date_gmt":"2018-04-05T18:04:01","guid":{"rendered":"https:\/\/centers.ulbsibiu.ro\/ccsprise\/lact\/?p=4590"},"modified":"2018-04-05T20:04:01","modified_gmt":"2018-04-05T18:04:01","slug":"gov-md-la-sediul-din-or-tiraspol-a-misiunii-osce-in-moldova-au-avut-loc-noi-consultari-pe-tema-admiterii-autovehiculelor-din-regiunea-transnistreana-in-traficul-rutier-international","status":"publish","type":"post","link":"https:\/\/centers.ulbsibiu.ro\/ccsprise\/lact\/gov-md-la-sediul-din-or-tiraspol-a-misiunii-osce-in-moldova-au-avut-loc-noi-consultari-pe-tema-admiterii-autovehiculelor-din-regiunea-transnistreana-in-traficul-rutier-international\/","title":{"rendered":"Gov.md &#8211; La sediul din or. Tiraspol a Misiunii OSCE \u00een Moldova au avut loc noi consult\u0103ri pe tema admiterii autovehiculelor din regiunea transnistrean\u0103 \u00een traficul rutier interna\u021bional"},"content":{"rendered":"<p align=\"JUSTIFY\">Ast\u0103zi, 5 aprilie 2018, la sediul din or. Tiraspol a Misiunii OSCE \u00een Moldova a avut loc o nou\u0103 \u0219edin\u021b\u0103 a grupurilor de lucru pentru dezvoltarea transportului auto \u0219i infrastructurii drumurilor, cu participarea reprezentan\u021bilor politici \u00een procesul de negocieri pentru reglementarea transnistrean\u0103 din partea Chi\u0219in\u0103ului \u0219i Tiraspolului, Cristina Lesnic \u0219i Vitalii Ignatiev \u0219i a partenerilor interna\u021bionali din cadrul formatului de negocieri \u201e5+2\u201d.<\/p>\n<p align=\"JUSTIFY\">P\u0103r\u021bile au continuat discu\u021biile pe marginea poten\u021bialului mecanism de asigurare a particip\u0103rii \u00een traficul rutier interna\u021bional a autovehiculelor din regiunea transnistrean\u0103.<\/p>\n<p align=\"JUSTIFY\">De asemenea, \u00een cadrul \u0219edin\u021bei reprezentantul politic din partea Chi\u0219in\u0103ului a reiterat solicitarea c\u0103tre omologul s\u0103u de a fi facilitat\u0103 \u00een perioada s\u0103rb\u0103torilor pascale libera circula\u021bie a persoanelor \u0219i a mijloacelor de transport \u00eentre cele dou\u0103 maluri ale Nistrului, din partea negociatorului de la Tiraspol fiind dat\u0103 asigurarea c\u0103 procesul de trecere a liniei administrative \u00een acest interval de timp va fi simplificat.<\/p>\n<p align=\"JUSTIFY\">La final, a fost stabilit\u0103 necesitatea continu\u0103rii dialogului at\u00e2t la nivel de exper\u021bi c\u00e2t \u0219i la nivel de reprezentan\u021bi politici \u00eentru identificarea unor solu\u021bii viabile \u0219i s-a convenit ca urm\u0103toarea \u0219edin\u021b\u0103 a grupurilor de lucru pentru dezvoltarea transportului auto \u0219i infrastructurii drumurilor s\u0103 fie organizat\u0103 joi<strong>, 12 aprilie 2018<\/strong>, la sediul din or. Chi\u0219in\u0103u a Misiunii OSCE \u00een Moldova.<\/p>\n<p align=\"JUSTIFY\">Sursa:\u00a0<a href=\"http:\/\/gov.md\/ro\/content\/la-sediul-din-or-tiraspol-misiunii-osce-moldova-au-avut-loc-noi-consultari-pe-tema-admiterii\">http:\/\/gov.md\/<\/a><\/p>\n","protected":false},"excerpt":{"rendered":"<p>Ast\u0103zi, 5 aprilie 2018, la sediul din or. Tiraspol a Misiunii OSCE \u00een Moldova a avut loc o nou\u0103 \u0219edin\u021b\u0103 a grupurilor de lucru pentru dezvoltarea transportului auto \u0219i infrastructurii drumurilor, cu participarea reprezentan\u021bilor politici \u00een procesul de negocieri pentru reglementarea transnistrean\u0103 din partea Chi\u0219in\u0103ului \u0219i Tiraspolului, Cristina Lesnic \u0219i Vitalii Ignatiev \u0219i a partenerilor&#8230;<\/p>\n","protected":false},"author":2,"featured_media":0,"comment_status":"closed","ping_status":"open","sticky":false,"template":"","format":"standard","meta":[],"categories":[1],"tags":[],"_links":{"self":[{"href":"https:\/\/centers.ulbsibiu.ro\/ccsprise\/lact\/wp-json\/wp\/v2\/posts\/4590"}],"collection":[{"href":"https:\/\/centers.ulbsibiu.ro\/ccsprise\/lact\/wp-json\/wp\/v2\/posts"}],"about":[{"href":"https:\/\/centers.ulbsibiu.ro\/ccsprise\/lact\/wp-json\/wp\/v2\/types\/post"}],"author":[{"embeddable":true,"href":"https:\/\/centers.ulbsibiu.ro\/ccsprise\/lact\/wp-json\/wp\/v2\/users\/2"}],"replies":[{"embeddable":true,"href":"https:\/\/centers.ulbsibiu.ro\/ccsprise\/lact\/wp-json\/wp\/v2\/comments?post=4590"}],"version-history":[{"count":1,"href":"https:\/\/centers.ulbsibiu.ro\/ccsprise\/lact\/wp-json\/wp\/v2\/posts\/4590\/revisions"}],"predecessor-version":[{"id":4591,"href":"https:\/\/centers.ulbsibiu.ro\/ccsprise\/lact\/wp-json\/wp\/v2\/posts\/4590\/revisions\/4591"}],"wp:attachment":[{"href":"https:\/\/centers.ulbsibiu.ro\/ccsprise\/lact\/wp-json\/wp\/v2\/media?parent=4590"}],"wp:term":[{"taxonomy":"category","embeddable":true,"href":"https:\/\/centers.ulbsibiu.ro\/ccsprise\/lact\/wp-json\/wp\/v2\/categories?post=4590"},{"taxonomy":"post_tag","embeddable":true,"href":"https:\/\/centers.ulbsibiu.ro\/ccsprise\/lact\/wp-json\/wp\/v2\/tags?post=4590"}],"curies":[{"name":"wp","href":"https:\/\/api.w.org\/{rel}","templated":true}]}}