{"id":4586,"date":"2018-04-04T18:57:25","date_gmt":"2018-04-04T16:57:25","guid":{"rendered":"https:\/\/centers.ulbsibiu.ro\/ccsprise\/lact\/?p=4586"},"modified":"2018-04-04T18:57:25","modified_gmt":"2018-04-04T16:57:25","slug":"deschide-md-ambasadorul-ungariei-in-r-moldova-in-vizita-la-tiraspol-vrem-sa-fim-si-mai-aproape-de-voi","status":"publish","type":"post","link":"https:\/\/centers.ulbsibiu.ro\/ccsprise\/lact\/deschide-md-ambasadorul-ungariei-in-r-moldova-in-vizita-la-tiraspol-vrem-sa-fim-si-mai-aproape-de-voi\/","title":{"rendered":"Deschide.md &#8211; Ambasadorul Ungariei \u00een R. Moldova, \u00een vizit\u0103 la Tiraspol: Vrem s\u0103 fim \u0219i mai aproape de voi"},"content":{"rendered":"<p>\u201eVrem s\u0103 fim \u0219i mai aproape\u201d i-a transmis ast\u0103zi ambasadorul Ungariei \u00een R. Moldova, S\u00e1ndor Szab\u00f3, liderului separatist Vadim Krasnoselski \u00een cadrul unei vizite la Tiraspol, potrivit Novostipmr.<\/p>\n<p>\u00cen cadrul \u00eentrevederii, cei doi au discutat despre dezvoltarea rela\u021biilor economice dintre Ungaria \u0219i Transnistria. Szabo a spus c\u0103 poten\u021bialul colabor\u0103rii comercial-economice dintre cele dou\u0103 p\u0103r\u021bi n-a fost valorificat pe deplin. Krasnoselski a reiterat c\u0103 Transnistria este interesat\u0103 de orice partener pentru \u00eent\u0103rirea noilor rela\u021bii.<\/p>\n<p>Diplomatul ungar a discutat cu Krasnoselski \u0219i despre turism. Szab\u00f3 a declarat c\u0103 un rol aparte \u00een acest domeniu \u00eel are actualizarea zborurilor directe \u201eBudapesta-Chi\u0219in\u0103u\u201d.<\/p>\n<p>\u201e\u00cen discu\u021bii cu turi\u0219tii unguri la Chi\u0219in\u0103u, am \u00een\u021beles c\u0103 fiecare dintre ei, pomenindu-se \u00een aceast\u0103 \u021bar\u0103, se str\u0103duie s\u0103 ajung\u0103 \u00een Transnistria. Aceste meleag le treze\u0219te interes. Noi vrem s\u0103 fim \u0219i mai aproape. Acesta este mesajul \u0219i scopul vizitei mele de ast\u0103zi\u201d, a spus diplomatul maghiar.<\/p>\n<p>Cei doi au mai vorbit despre procesul de negocieri. Szab\u00f3 a subliniat c\u0103 cel mai important este ca \u00een aceast\u0103 parte a Europei s\u0103 fie pace \u0219i stabilitate.<\/p>\n<p>Sursa:\u00a0<a href=\"https:\/\/deschide.md\/ro\/stiri\/politic\/28935\/Ambasadorul-Ungariei-\u00een-R-Moldova-\u00een-vizit\u0103-la-Tiraspol-Vrem-s\u0103-fim-\u0219i-mai-aproape-de-voi.htm\">https:\/\/deschide.md\/<\/a><\/p>\n","protected":false},"excerpt":{"rendered":"<p>\u201eVrem s\u0103 fim \u0219i mai aproape\u201d i-a transmis ast\u0103zi ambasadorul Ungariei \u00een R. Moldova, S\u00e1ndor Szab\u00f3, liderului separatist Vadim Krasnoselski \u00een cadrul unei vizite la Tiraspol, potrivit Novostipmr. \u00cen cadrul \u00eentrevederii, cei doi au discutat despre dezvoltarea rela\u021biilor economice dintre Ungaria \u0219i Transnistria. Szabo a spus c\u0103 poten\u021bialul colabor\u0103rii comercial-economice dintre cele dou\u0103 p\u0103r\u021bi n-a&#8230;<\/p>\n","protected":false},"author":2,"featured_media":0,"comment_status":"closed","ping_status":"open","sticky":false,"template":"","format":"standard","meta":[],"categories":[1],"tags":[],"_links":{"self":[{"href":"https:\/\/centers.ulbsibiu.ro\/ccsprise\/lact\/wp-json\/wp\/v2\/posts\/4586"}],"collection":[{"href":"https:\/\/centers.ulbsibiu.ro\/ccsprise\/lact\/wp-json\/wp\/v2\/posts"}],"about":[{"href":"https:\/\/centers.ulbsibiu.ro\/ccsprise\/lact\/wp-json\/wp\/v2\/types\/post"}],"author":[{"embeddable":true,"href":"https:\/\/centers.ulbsibiu.ro\/ccsprise\/lact\/wp-json\/wp\/v2\/users\/2"}],"replies":[{"embeddable":true,"href":"https:\/\/centers.ulbsibiu.ro\/ccsprise\/lact\/wp-json\/wp\/v2\/comments?post=4586"}],"version-history":[{"count":1,"href":"https:\/\/centers.ulbsibiu.ro\/ccsprise\/lact\/wp-json\/wp\/v2\/posts\/4586\/revisions"}],"predecessor-version":[{"id":4587,"href":"https:\/\/centers.ulbsibiu.ro\/ccsprise\/lact\/wp-json\/wp\/v2\/posts\/4586\/revisions\/4587"}],"wp:attachment":[{"href":"https:\/\/centers.ulbsibiu.ro\/ccsprise\/lact\/wp-json\/wp\/v2\/media?parent=4586"}],"wp:term":[{"taxonomy":"category","embeddable":true,"href":"https:\/\/centers.ulbsibiu.ro\/ccsprise\/lact\/wp-json\/wp\/v2\/categories?post=4586"},{"taxonomy":"post_tag","embeddable":true,"href":"https:\/\/centers.ulbsibiu.ro\/ccsprise\/lact\/wp-json\/wp\/v2\/tags?post=4586"}],"curies":[{"name":"wp","href":"https:\/\/api.w.org\/{rel}","templated":true}]}}