{"id":4584,"date":"2018-04-04T18:51:17","date_gmt":"2018-04-04T16:51:17","guid":{"rendered":"https:\/\/centers.ulbsibiu.ro\/ccsprise\/lact\/?p=4584"},"modified":"2018-04-04T18:51:17","modified_gmt":"2018-04-04T16:51:17","slug":"gov-md-guvernul-a-aprobat-amendamente-la-actele-normative-referitoare-la-activitatea-delegatiei-republicii-moldova-in-comisia-unificata-de-control","status":"publish","type":"post","link":"https:\/\/centers.ulbsibiu.ro\/ccsprise\/lact\/gov-md-guvernul-a-aprobat-amendamente-la-actele-normative-referitoare-la-activitatea-delegatiei-republicii-moldova-in-comisia-unificata-de-control\/","title":{"rendered":"Gov.md &#8211; Guvernul a aprobat amendamente la actele normative referitoare la activitatea delega\u021biei Republicii Moldova \u00een Comisia Unificat\u0103 de Control"},"content":{"rendered":"<p>La \u015fedin\u0163a Executivului din 04 aprilie 2018 a fost aprobat\u0103 Hot\u0103r\u00e2rea Guvernului \u201eCu privire la modificarea \u0219i completarea unor hot\u0103r\u00e2ri ale Guvernului\u201d, \u00een particular a hot\u0103r\u00e2rilor nr.515 din 22 iunie 2010 \u201eCu privire la delega\u0163ia Republicii Moldova \u00een Comisia Unificat\u0103 de Control\u201d \u0219i nr.744 din 03.10.2011 \u201ePentru aprobarea Regulamentului cu privire la activitatea delega\u0163iei Republicii Moldova \u00een Comisia Unificat\u0103 de Control\u201d.<\/p>\n<p>Condi\u021biile ce au impus elaborarea \u0219i promovarea actului normativ \u00een cauz\u0103 au decurs din contextul reformei administra\u021biei publice centrale \u0219i au reie\u0219it din necesitatea actualiz\u0103rii denumirilor autorit\u0103\u021bilor din care fac parte unii membri \u0219i exper\u021bi din cadrul delega\u021biei, dar \u0219i a func\u021biilor acestora la locul permanent de munc\u0103.<\/p>\n<p>Totodat\u0103, potrivit procedurii regulamentare, s-a substituit reprezentantul Serviciului Vamal al Ministerului Finan\u021belor, s-a completat componen\u021ba cu noi reprezentan\u021bi ai Ministerului Afacerilor Externe \u0219i Integr\u0103rii Externe \u0219i ai Biroului politici de reintegrare, ceea ce va asigura acoperirea \u00eentregului spectru de probleme care stau pe agenda Comisiei Unificate de Control \u0219i va consolida capacit\u0103\u021bile delega\u021biei Republicii Moldova privind reprezentarea intereselor statului, sprijinul multilateral al procesului de reglementare pa\u0219nic\u0103 \u0219i pe cale politic\u0103 a conflictului \u00een regiunea transnistrean\u0103 a Republicii Moldova, precum \u0219i contribuirea la solu\u021bionarea problemelor ce \u021bin de asigurarea securit\u0103\u021bii cet\u0103\u021benilor, a p\u0103cii \u0219i a ordinii de drept \u00een Zona de securitate.<\/p>\n<p>Prin operarea amendamentelor la Hot\u0103r\u00e2rea Guvernului nr.744 din 03.10.2011 s-au efectuat \u00eembun\u0103t\u0103\u021biri de concept \u00een ceea ce prive\u0219te statutul \u0219i structura delega\u021biei, dar \u0219i aspectele legate de activitatea membrilor \u0219i exper\u021bilor cu statut permanent.<\/p>\n<p>Sursa:\u00a0<a href=\"http:\/\/gov.md\/ro\/content\/guvernul-aprobat-amendamente-la-actele-normative-referitoare-la-activitatea-delegatiei\">http:\/\/gov.md\/<\/a><\/p>\n","protected":false},"excerpt":{"rendered":"<p>La \u015fedin\u0163a Executivului din 04 aprilie 2018 a fost aprobat\u0103 Hot\u0103r\u00e2rea Guvernului \u201eCu privire la modificarea \u0219i completarea unor hot\u0103r\u00e2ri ale Guvernului\u201d, \u00een particular a hot\u0103r\u00e2rilor nr.515 din 22 iunie 2010 \u201eCu privire la delega\u0163ia Republicii Moldova \u00een Comisia Unificat\u0103 de Control\u201d \u0219i nr.744 din 03.10.2011 \u201ePentru aprobarea Regulamentului cu privire la activitatea delega\u0163iei Republicii&#8230;<\/p>\n","protected":false},"author":2,"featured_media":0,"comment_status":"closed","ping_status":"open","sticky":false,"template":"","format":"standard","meta":[],"categories":[1],"tags":[],"_links":{"self":[{"href":"https:\/\/centers.ulbsibiu.ro\/ccsprise\/lact\/wp-json\/wp\/v2\/posts\/4584"}],"collection":[{"href":"https:\/\/centers.ulbsibiu.ro\/ccsprise\/lact\/wp-json\/wp\/v2\/posts"}],"about":[{"href":"https:\/\/centers.ulbsibiu.ro\/ccsprise\/lact\/wp-json\/wp\/v2\/types\/post"}],"author":[{"embeddable":true,"href":"https:\/\/centers.ulbsibiu.ro\/ccsprise\/lact\/wp-json\/wp\/v2\/users\/2"}],"replies":[{"embeddable":true,"href":"https:\/\/centers.ulbsibiu.ro\/ccsprise\/lact\/wp-json\/wp\/v2\/comments?post=4584"}],"version-history":[{"count":1,"href":"https:\/\/centers.ulbsibiu.ro\/ccsprise\/lact\/wp-json\/wp\/v2\/posts\/4584\/revisions"}],"predecessor-version":[{"id":4585,"href":"https:\/\/centers.ulbsibiu.ro\/ccsprise\/lact\/wp-json\/wp\/v2\/posts\/4584\/revisions\/4585"}],"wp:attachment":[{"href":"https:\/\/centers.ulbsibiu.ro\/ccsprise\/lact\/wp-json\/wp\/v2\/media?parent=4584"}],"wp:term":[{"taxonomy":"category","embeddable":true,"href":"https:\/\/centers.ulbsibiu.ro\/ccsprise\/lact\/wp-json\/wp\/v2\/categories?post=4584"},{"taxonomy":"post_tag","embeddable":true,"href":"https:\/\/centers.ulbsibiu.ro\/ccsprise\/lact\/wp-json\/wp\/v2\/tags?post=4584"}],"curies":[{"name":"wp","href":"https:\/\/api.w.org\/{rel}","templated":true}]}}