{"id":4582,"date":"2018-04-04T18:47:41","date_gmt":"2018-04-04T16:47:41","guid":{"rendered":"https:\/\/centers.ulbsibiu.ro\/ccsprise\/lact\/?p=4582"},"modified":"2018-04-04T18:47:41","modified_gmt":"2018-04-04T16:47:41","slug":"infotag-md-decizia-protocolara-privind-asigurarea-accesului-fermierilor-la-terenurile-lor-din-transnistria-nu-se-respecta","status":"publish","type":"post","link":"https:\/\/centers.ulbsibiu.ro\/ccsprise\/lact\/infotag-md-decizia-protocolara-privind-asigurarea-accesului-fermierilor-la-terenurile-lor-din-transnistria-nu-se-respecta\/","title":{"rendered":"Infotag.md &#8211; DECIZIA PROTOCOLAR\u0102 PRIVIND ASIGURAREA ACCESULUI FERMIERILOR LA TERENURILE LOR DIN TRANSNISTRIA NU SE RESPECT\u0102"},"content":{"rendered":"<p>Decizia protocolar\u0103 privind asigurarea accesului fermierilor moldoveni la terenurile lor din Transnistria nu se respect\u0103. Potrivit agen\u0163iei INFOTAG cu referire la sure din cadrul Biroului Politici de Reintegrare, despre aceasta au comunicat produc\u0103torii agricoli \u015fi conducerea raionului Dub\u0103sari.<\/p>\n<p>Reprezentan\u021bii Biroului au efectuat \u00een ajun o vizit\u0103 de lucru \u00een raionul Dub\u0103sari, \u00een cadrul c\u0103reia au purtat discu\u021bii cu exponen\u021bii autorit\u0103\u021bilor administra\u021biei publice locale \u0219i cu agen\u021bii economici din raion.<\/p>\n<p>\u201ePrincipala tem\u0103 de discu\u021bie a vizat problema p\u0103m\u00e2nturilor amplasate dup\u0103 traseul R\u00e2bni\u021ba-Tiraspol, fiind exprimat\u0103 \u00eengrijorarea fermierilor \u00een leg\u0103tur\u0103 cu tergiversarea artificial\u0103 a procesului de c\u0103tre partea transnistrean\u0103 cu neasigurarea p\u00e2n\u0103 \u00een prezent a accesului la terenurile ce le apar\u021bin, \u00een pofida depunerii setului documentar necesar \u00een corespundere cu procedura convenit\u0103 prin Decizia protocolar\u0103 \u201cCu privire la unele m\u0103suri de reglementare a problemelor legate de realizarea \u201cMecanismului din anul 2006\u201d referitor la utilizarea terenurilor agricole, amplasate \u00een raionul Dub\u0103sari, dup\u0103 traseul Tiraspol-Camenca\u201d, semnat\u0103 la nivel de reprezentan\u021bi politici pe 25 noiembrie 2017\u201d, se arat\u0103 \u00een comunicat.<\/p>\n<p>Reprezentan\u021bii Biroului au men\u021bionat c\u0103 acest subiect este \u00een vizorul constant al negociatorului-\u0219ef din partea Chi\u0219in\u0103ului, fiind \u00eentreprinse multiple m\u0103suri de sprijin \u00een vederea restabilirii dreptului de proprietate \u0219i prelucr\u0103rii nestingherite a terenurilor. Ei au promis c\u0103 problema va fi reabordat\u0103 la urm\u0103toarea \u0219edin\u021b\u0103 a grupurilor de lucru pentru economie, la activit\u0103\u021bile c\u0103rora pot fi invita\u021bi s\u0103 ia parte 1-2 persoane delegate din partea autorit\u0103\u021bilor publice locale \u0219i a agen\u021bilor economici pentru a vocifera dificult\u0103\u021bile \u00eent\u00e2mpinate.<\/p>\n<p>De asemenea, a fost adus \u00een discu\u021bie \u0219i subiectul aloc\u0103rii compensa\u021biilor pentru anul 2017 pentru unele pierderi suportate de c\u0103tre proprietarii terenurilor agricole din raion.<\/p>\n<p>Dup\u0103 cum a informat anterior INFOTAG, \u00een noiembrie 2017, Chi\u0219in\u0103ul \u0219i Tiraspolul au semnat patru decizii protocolare. \u00cens\u0103 acestea sunt \u00eendeplinite par\u021bial sau deloc. Acest lucru a fost discutat \u00een cadrul vizitei recente \u00een Republica Moldova a reprezentantului special al Pre\u0219edin\u0163iei \u00een exerci\u021biu a OSCE, Franco Frattini. \u00cen timpul vizitei, reprezentan\u021bii Chi\u0219in\u0103ului au men\u0163ionat c\u0103 83% dintre proprietarii de teren au prezentat toate documentele, \u00eens\u0103 administra\u021bia de la Tiraspol nu respect\u0103 acordurile \u00eencheiate. Autorit\u0103\u021bile din Transnistria sus\u021bin c\u0103 p\u0103m\u00e2nturile au fost deja sem\u0103nate, de aceea trebuie de a\u0219teptat p\u00e2n\u0103 la toamn\u0103 pentru a str\u00e2nge roada \u0219i abia apoi terenurile s\u0103 fie transmise fermierilor moldoveni.<\/p>\n<p>\u00cen ajun, pre\u0219edintele Legislativului, Andrian Candu, a primit la Parlament un grup de profesori \u0219i 120 de elevi de la \u0219colile cu predare \u00een limba rom\u00e2n\u0103 situate \u00een st\u00e2nga Nistrului. Ei au men\u021bionat, de asemenea, c\u0103 decizia protocolar\u0103 semnat\u0103 referitor la func\u021bionarea \u0219colilor este respectat\u0103 par\u0163ial.<\/p>\n<p>Sursa:\u00a0<a href=\"http:\/\/www.infotag.md\/rebelion-ro\/261748\/\">http:\/\/www.infotag.md<\/a><\/p>\n","protected":false},"excerpt":{"rendered":"<p>Decizia protocolar\u0103 privind asigurarea accesului fermierilor moldoveni la terenurile lor din Transnistria nu se respect\u0103. Potrivit agen\u0163iei INFOTAG cu referire la sure din cadrul Biroului Politici de Reintegrare, despre aceasta au comunicat produc\u0103torii agricoli \u015fi conducerea raionului Dub\u0103sari. Reprezentan\u021bii Biroului au efectuat \u00een ajun o vizit\u0103 de lucru \u00een raionul Dub\u0103sari, \u00een cadrul c\u0103reia au&#8230;<\/p>\n","protected":false},"author":2,"featured_media":0,"comment_status":"closed","ping_status":"open","sticky":false,"template":"","format":"standard","meta":[],"categories":[1],"tags":[],"_links":{"self":[{"href":"https:\/\/centers.ulbsibiu.ro\/ccsprise\/lact\/wp-json\/wp\/v2\/posts\/4582"}],"collection":[{"href":"https:\/\/centers.ulbsibiu.ro\/ccsprise\/lact\/wp-json\/wp\/v2\/posts"}],"about":[{"href":"https:\/\/centers.ulbsibiu.ro\/ccsprise\/lact\/wp-json\/wp\/v2\/types\/post"}],"author":[{"embeddable":true,"href":"https:\/\/centers.ulbsibiu.ro\/ccsprise\/lact\/wp-json\/wp\/v2\/users\/2"}],"replies":[{"embeddable":true,"href":"https:\/\/centers.ulbsibiu.ro\/ccsprise\/lact\/wp-json\/wp\/v2\/comments?post=4582"}],"version-history":[{"count":1,"href":"https:\/\/centers.ulbsibiu.ro\/ccsprise\/lact\/wp-json\/wp\/v2\/posts\/4582\/revisions"}],"predecessor-version":[{"id":4583,"href":"https:\/\/centers.ulbsibiu.ro\/ccsprise\/lact\/wp-json\/wp\/v2\/posts\/4582\/revisions\/4583"}],"wp:attachment":[{"href":"https:\/\/centers.ulbsibiu.ro\/ccsprise\/lact\/wp-json\/wp\/v2\/media?parent=4582"}],"wp:term":[{"taxonomy":"category","embeddable":true,"href":"https:\/\/centers.ulbsibiu.ro\/ccsprise\/lact\/wp-json\/wp\/v2\/categories?post=4582"},{"taxonomy":"post_tag","embeddable":true,"href":"https:\/\/centers.ulbsibiu.ro\/ccsprise\/lact\/wp-json\/wp\/v2\/tags?post=4582"}],"curies":[{"name":"wp","href":"https:\/\/api.w.org\/{rel}","templated":true}]}}