{"id":4578,"date":"2018-04-03T19:23:34","date_gmt":"2018-04-03T17:23:34","guid":{"rendered":"https:\/\/centers.ulbsibiu.ro\/ccsprise\/lact\/?p=4578"},"modified":"2018-04-03T19:23:34","modified_gmt":"2018-04-03T17:23:34","slug":"gov-md-intrevederea-viceprim-ministrului-cristina-lesnic-cu-membrii-parlamentului-european","status":"publish","type":"post","link":"https:\/\/centers.ulbsibiu.ro\/ccsprise\/lact\/gov-md-intrevederea-viceprim-ministrului-cristina-lesnic-cu-membrii-parlamentului-european\/","title":{"rendered":"Gov.md &#8211; \u00centrevederea Viceprim-ministrului Cristina Lesnic cu Membrii Parlamentului European"},"content":{"rendered":"<p>Ast\u0103zi, 03 aprilie 2018, Viceprim-ministrul Cristina Lesnic a primit \u00een vizit\u0103 delega\u021bia Membrilor Parlamentului European compus\u0103 din reprezentan\u021bi ai Comitetului pentru Afaceri Externe, condus de c\u0103tre Laima Andrikiene (Lituania) \u0219i ai Comitetului pentru Bugete, condus de c\u0103tre Siegfried Mure\u0219an (Rom\u00e2nia).<\/p>\n<p>\u00cen cadrul \u00eentrevederii Viceprim \u2013 ministrul Cristina Lesnic a relatat despre principalele realiz\u0103ri \u0219i evolu\u021bii \u00eenregistrate \u00een procesul reglement\u0103rii transnistrene, dar \u0219i despre cele mai stringente probleme cu care se confrunt\u0103 p\u0103r\u021bile \u00een procesul de negocieri.\u00a0 Totodat\u0103, doamna Lesnic a eviden\u021biat priorit\u0103\u021bile mandatului pe care \u00eel exercit\u0103 \u0219i a exprimat speran\u021ba sus\u021binerii din partea Membrilor Parlamentului European a aspira\u021biilor \u0219i obiectivelor propuse pentru reintegrarea \u021b\u0103rii.<\/p>\n<p>La baza discu\u021biilor au stat subiectele legate de implementarea\u00a0 DCFTA (Acordului Zonei de Liber Schimb Aprofundat \u0219i Cuprinz\u0103tor dintre RM \u0219i UE) \u00een regiunea transnistrean\u0103, implementarea proiectelor de consolidare a \u00eencrederii dintre ambele maluri ale Nistrului realizate cu suportul Uniunii Europene, rolul \u0219i importan\u021ba misiunii EUBAM, situa\u021bia din Zona de Securitate, precum \u0219i elemente legate de activitatea misiunii de pacificatori.<\/p>\n<p>Doamna Cristina Lesnic a men\u021bionat importan\u021ba pe care o acord\u0103 promov\u0103rii \u0219i protec\u021biei drepturilor omului \u00een regiune, \u00een acest sens fiind relansat\u0103 activitatea a dou\u0103 subgrupuri de lucru, unul dintre care \u021bine de drepturile omului, iar cel\u0103lalt de problemele bancare.<\/p>\n<p>Totodat\u0103, Vicepremierul \u0219i-a exprimat speran\u021ba unei conlucr\u0103ri dinamice continue cu partenerii europeni, precum \u0219i cu participan\u021bii la procesul de negocieri \u00een formatul 5+2, \u00een vederea ob\u021binerii rezultatelor favorabile pentru ambele p\u0103r\u021bi \u00een reglementarea transnistrean\u0103.<\/p>\n<p>Sursa:\u00a0<a href=\"http:\/\/gov.md\/ro\/content\/intrevederea-viceprim-ministrului-cristina-lesnic-cu-membrii-parlamentului-european\">http:\/\/gov.md\/<\/a><\/p>\n","protected":false},"excerpt":{"rendered":"<p>Ast\u0103zi, 03 aprilie 2018, Viceprim-ministrul Cristina Lesnic a primit \u00een vizit\u0103 delega\u021bia Membrilor Parlamentului European compus\u0103 din reprezentan\u021bi ai Comitetului pentru Afaceri Externe, condus de c\u0103tre Laima Andrikiene (Lituania) \u0219i ai Comitetului pentru Bugete, condus de c\u0103tre Siegfried Mure\u0219an (Rom\u00e2nia). \u00cen cadrul \u00eentrevederii Viceprim \u2013 ministrul Cristina Lesnic a relatat despre principalele realiz\u0103ri \u0219i evolu\u021bii&#8230;<\/p>\n","protected":false},"author":2,"featured_media":0,"comment_status":"closed","ping_status":"open","sticky":false,"template":"","format":"standard","meta":[],"categories":[1],"tags":[],"_links":{"self":[{"href":"https:\/\/centers.ulbsibiu.ro\/ccsprise\/lact\/wp-json\/wp\/v2\/posts\/4578"}],"collection":[{"href":"https:\/\/centers.ulbsibiu.ro\/ccsprise\/lact\/wp-json\/wp\/v2\/posts"}],"about":[{"href":"https:\/\/centers.ulbsibiu.ro\/ccsprise\/lact\/wp-json\/wp\/v2\/types\/post"}],"author":[{"embeddable":true,"href":"https:\/\/centers.ulbsibiu.ro\/ccsprise\/lact\/wp-json\/wp\/v2\/users\/2"}],"replies":[{"embeddable":true,"href":"https:\/\/centers.ulbsibiu.ro\/ccsprise\/lact\/wp-json\/wp\/v2\/comments?post=4578"}],"version-history":[{"count":1,"href":"https:\/\/centers.ulbsibiu.ro\/ccsprise\/lact\/wp-json\/wp\/v2\/posts\/4578\/revisions"}],"predecessor-version":[{"id":4579,"href":"https:\/\/centers.ulbsibiu.ro\/ccsprise\/lact\/wp-json\/wp\/v2\/posts\/4578\/revisions\/4579"}],"wp:attachment":[{"href":"https:\/\/centers.ulbsibiu.ro\/ccsprise\/lact\/wp-json\/wp\/v2\/media?parent=4578"}],"wp:term":[{"taxonomy":"category","embeddable":true,"href":"https:\/\/centers.ulbsibiu.ro\/ccsprise\/lact\/wp-json\/wp\/v2\/categories?post=4578"},{"taxonomy":"post_tag","embeddable":true,"href":"https:\/\/centers.ulbsibiu.ro\/ccsprise\/lact\/wp-json\/wp\/v2\/tags?post=4578"}],"curies":[{"name":"wp","href":"https:\/\/api.w.org\/{rel}","templated":true}]}}