{"id":4576,"date":"2018-04-03T17:06:51","date_gmt":"2018-04-03T15:06:51","guid":{"rendered":"https:\/\/centers.ulbsibiu.ro\/ccsprise\/lact\/?p=4576"},"modified":"2018-04-03T17:06:51","modified_gmt":"2018-04-03T15:06:51","slug":"deschide-md-krasnoselski-si-ignatiev-s-au-vazut-la-moscova-cu-rogozin-si-zatulin","status":"publish","type":"post","link":"https:\/\/centers.ulbsibiu.ro\/ccsprise\/lact\/deschide-md-krasnoselski-si-ignatiev-s-au-vazut-la-moscova-cu-rogozin-si-zatulin\/","title":{"rendered":"Deschide.md &#8211; Krasnoselski \u0219i Ignatiev s-au v\u0103zut la Moscova cu Rogozin \u0219i Zatulin"},"content":{"rendered":"<p>Liderul separatist Vadim Krasnoselski \u015fi pretinsul s\u0103u ministru de externe Vitali Ignatiev s-au \u00eent\u00e2lnit ieri, la Moscova, cu vicepremierul Dmitri Rogozin, reprezentantul pentru Transnistria al pre\u015fedintelui Rusiei, \u015fi vicepre\u015fedintele Comitetului Dumei de Stat pentru afacerile cu CSI, integrarea eurasiatic\u0103 \u015fi rela\u0163iile cu compatrio\u0163ii, Constantin Zatulin. Transnistrenii au abordat, \u00een principal, problema facilit\u0103rii p\u0103trunderii produselor fabricate \u00een regiune pe pia\u0163a Federa\u0163iei Ruse.<\/p>\n<p>Potrivit unor comunicate de pres\u0103 ale a\u0219a-zisei pre\u0219edin\u021bii transnistrene, cei doi lideri de la Tiraspol au discutat cu Dmitri Rogozin despre facilitarea procedurilor de p\u0103trundere a produselor transnistrene pe pia\u021ba Federa\u021biei Ruse, despre sprijinul finaniciar al Moscovei pentru regiune \u0219i despre importan\u021ba men\u021binerii pacificatorilor ru\u0219i la Nistru \u0219i neadmiterea schimb\u0103rii formatului de pacificare \u00een unul interna\u021bional.<\/p>\n<p>\u201eP\u0103r\u021bile consider\u0103 destructive orice tentative de reformare a opera\u021biunii de pacificare la Nistru, care asigur\u0103 un dialog politic pa\u0219nic la masa de negocieri\u201d, se spune \u00een comunicatul Tiraspolului.<\/p>\n<p>De asemenea, p\u0103r\u021bile au mai discutat despre extinderea comisiei de la Consulatul rus din Tiraspol \u00een contextul cre\u0219terii num\u0103rului de transnistreni care solicit\u0103 cet\u0103\u021benia Federa\u0163iei Ruse.<\/p>\n<p>Procesul de negocieri dintre Chi\u0219in\u0103u \u0219i Tiraspol a fost un alt subiect discutat cu Rogozin. Krasnoselski pare a fi mul\u021bumit de semnarea, la sf\u00e2r\u0219itul anului 2017, a celor cinci protocoale, unele dintre care sunt deja aplicate.<\/p>\n<p>La \u00eentrevederea lui Krasnoselski cu Zatulin, partea rus\u0103 a subliniat buna desf\u0103\u0219urare a alegerilor prezinden\u021biale \u00een regiunea transnistrean\u0103.<\/p>\n<p>Sursa:\u00a0<a href=\"https:\/\/deschide.md\/ro\/stiri\/politic\/28828\/Krasnoselski-\u0219i-Ignatiev-s-au-v\u0103zut-la-Moscova-cu-Rogozin-\u0219i-Zatulin.htm\">https:\/\/deschide.md\/<\/a><\/p>\n","protected":false},"excerpt":{"rendered":"<p>Liderul separatist Vadim Krasnoselski \u015fi pretinsul s\u0103u ministru de externe Vitali Ignatiev s-au \u00eent\u00e2lnit ieri, la Moscova, cu vicepremierul Dmitri Rogozin, reprezentantul pentru Transnistria al pre\u015fedintelui Rusiei, \u015fi vicepre\u015fedintele Comitetului Dumei de Stat pentru afacerile cu CSI, integrarea eurasiatic\u0103 \u015fi rela\u0163iile cu compatrio\u0163ii, Constantin Zatulin. Transnistrenii au abordat, \u00een principal, problema facilit\u0103rii p\u0103trunderii produselor fabricate&#8230;<\/p>\n","protected":false},"author":2,"featured_media":0,"comment_status":"closed","ping_status":"open","sticky":false,"template":"","format":"standard","meta":[],"categories":[1],"tags":[],"_links":{"self":[{"href":"https:\/\/centers.ulbsibiu.ro\/ccsprise\/lact\/wp-json\/wp\/v2\/posts\/4576"}],"collection":[{"href":"https:\/\/centers.ulbsibiu.ro\/ccsprise\/lact\/wp-json\/wp\/v2\/posts"}],"about":[{"href":"https:\/\/centers.ulbsibiu.ro\/ccsprise\/lact\/wp-json\/wp\/v2\/types\/post"}],"author":[{"embeddable":true,"href":"https:\/\/centers.ulbsibiu.ro\/ccsprise\/lact\/wp-json\/wp\/v2\/users\/2"}],"replies":[{"embeddable":true,"href":"https:\/\/centers.ulbsibiu.ro\/ccsprise\/lact\/wp-json\/wp\/v2\/comments?post=4576"}],"version-history":[{"count":1,"href":"https:\/\/centers.ulbsibiu.ro\/ccsprise\/lact\/wp-json\/wp\/v2\/posts\/4576\/revisions"}],"predecessor-version":[{"id":4577,"href":"https:\/\/centers.ulbsibiu.ro\/ccsprise\/lact\/wp-json\/wp\/v2\/posts\/4576\/revisions\/4577"}],"wp:attachment":[{"href":"https:\/\/centers.ulbsibiu.ro\/ccsprise\/lact\/wp-json\/wp\/v2\/media?parent=4576"}],"wp:term":[{"taxonomy":"category","embeddable":true,"href":"https:\/\/centers.ulbsibiu.ro\/ccsprise\/lact\/wp-json\/wp\/v2\/categories?post=4576"},{"taxonomy":"post_tag","embeddable":true,"href":"https:\/\/centers.ulbsibiu.ro\/ccsprise\/lact\/wp-json\/wp\/v2\/tags?post=4576"}],"curies":[{"name":"wp","href":"https:\/\/api.w.org\/{rel}","templated":true}]}}