{"id":4574,"date":"2018-04-03T17:03:34","date_gmt":"2018-04-03T15:03:34","guid":{"rendered":"https:\/\/centers.ulbsibiu.ro\/ccsprise\/lact\/?p=4574"},"modified":"2018-04-03T17:03:34","modified_gmt":"2018-04-03T15:03:34","slug":"infotag-md-pozitia-osce-fata-de-transnistria-este-bazata-pe-mentinerea-echilibrului-de-forte-in-regiune-expert-rus","status":"publish","type":"post","link":"https:\/\/centers.ulbsibiu.ro\/ccsprise\/lact\/infotag-md-pozitia-osce-fata-de-transnistria-este-bazata-pe-mentinerea-echilibrului-de-forte-in-regiune-expert-rus\/","title":{"rendered":"Infotag.md &#8211; POZI\u021aIA OSCE FA\u021a\u0102 DE TRANSNISTRIA ESTE BAZAT\u0102 PE MEN\u021aINEREA \u201eECHILIBRULUI DE FOR\u0162E\u201d \u00ceN REGIUNE \u2013 EXPERT RUS"},"content":{"rendered":"<p>Ac\u021biunile OSCE \u00een cazul reglement\u0103rii conflictului transnistrean sunt direc\u021bionate spre men\u021binerea \u201eechilibrului de for\u0163e\u201d \u00een regiune, consider\u0103 expertul rus Andrei Deviatkov.<\/p>\n<p>Potrivit agen\u021biei INFOTAG, el a men\u021bionat \u00eentr-un studiu pentru Laboratorul pentru Analiza Conflictului Transnistrean (LACT) de la Sibiu (Rom\u00e2nia) c\u0103 \u201ereprezentantul special al Pre\u0219edintelui \u00een exerci\u021biu al OSCE pentru reglementarea transnistrean\u0103, Franco Frattini, \u0219i misiunea OSCE \u00een Moldova se vor concentra pe \u00eendeplinirea ulterioar\u0103 a m\u0103surilor de consolidare a \u00eencrederii de pe ordinea de zi\u201d.<\/p>\n<p>\u201eObiectivul principal este punerea \u00een practic\u0103 a cel pu\u021bin dou\u0103 acorduri \u00eencheiate anterior ale Protocolului de la Viena \u0219i, cel mai probabil, prioritate va avea subiectul numerelor de \u00eenmatriculare a automobilelor transnistrene \u0219i accesibilitatea podului Gura B\u00eecului &#8211; B\u00eecioc pentru autovehicule de mare tonaj\u201d, consider\u0103 expertul, men\u021bion\u00e2nd c\u0103 \u201ealte subiecte, precum domeniul telecomunica\u021biilor sau al sistemului bancar necesit\u0103 s\u0103 mai fie discutate\u201d.<\/p>\n<p>Potrivit lui, \u201evizita recent\u0103 a lui Frattini la Chi\u0219in\u0103u a confirmat c\u0103 p\u0103r\u021bile tind s\u0103 ajung\u0103 la un compromis \u00een aceste probleme, care pot fi rezolvate nu \u00een c\u00e2teva luni, ci \u00een c\u00e2teva s\u0103pt\u0103m\u00e2ni\u201d.<\/p>\n<p>\u201eVizita lui Frattini a servit \u0219i drept un impuls pentru consolidarea imaginii unor politicieni. \u00cen primul r\u00e2nd, acest lucru se refer\u0103 la \u00eent\u00e2lnirea personal\u0103 a reprezentantului special al OSCE cu Vlad Plahotniuc, fapt care a confirmat c\u0103 pre\u0219edintele Partidului Democrat este figura-cheie \u00een Moldova\u201d, consider\u0103 expertul.<\/p>\n<p>\u201eDesf\u0103\u015furarea unor asemenea \u00eentrevederi personale nu se aplic\u0103 \u00een practica diplomatic\u0103 tradi\u021bional\u0103\u201d, a subliniat expertul, afirm\u00e2nd c\u0103 \u201eproblema transnistrean\u0103 este foarte important\u0103 pentru Partidul Democrat, care deseori o folose\u0219te \u00een negocierile cu parteneri occidentali\u201d.<\/p>\n<p>Potrivit lui, \u201eOSCE insist\u0103, de asemenea, asupra faptului ca autorit\u0103\u0163ile de la Chi\u0219in\u0103u s\u0103 accelereze procesul de \u00eencheiere a acordului privind sectorul bancar, men\u021bion\u00e2nd c\u0103 a\u015fa ceva este prev\u0103zut \u00een Acordul de Asociere Moldova-UE \u0219i \u00een special de angajamentele Moldovei de a trece la standardele Basel III\u201d.<\/p>\n<p>\u201eNumai prin munca comun\u0103 a tuturor actorilor at\u00e2t la nivel regional, c\u00e2t \u0219i la nivel mondial, putem s\u0103 ne a\u0219tept\u0103m la rezultate reale \u00een solu\u021bionarea conflictului transnistrean\u201d, a conchis Deviatkov.<\/p>\n<p>Sursa:\u00a0<a href=\"http:\/\/www.infotag.md\/rebelion-ro\/261673\/\">http:\/\/www.infotag.md\/<\/a><\/p>\n","protected":false},"excerpt":{"rendered":"<p>Ac\u021biunile OSCE \u00een cazul reglement\u0103rii conflictului transnistrean sunt direc\u021bionate spre men\u021binerea \u201eechilibrului de for\u0163e\u201d \u00een regiune, consider\u0103 expertul rus Andrei Deviatkov. Potrivit agen\u021biei INFOTAG, el a men\u021bionat \u00eentr-un studiu pentru Laboratorul pentru Analiza Conflictului Transnistrean (LACT) de la Sibiu (Rom\u00e2nia) c\u0103 \u201ereprezentantul special al Pre\u0219edintelui \u00een exerci\u021biu al OSCE pentru reglementarea transnistrean\u0103, Franco Frattini, \u0219i&#8230;<\/p>\n","protected":false},"author":2,"featured_media":0,"comment_status":"closed","ping_status":"open","sticky":false,"template":"","format":"standard","meta":[],"categories":[1],"tags":[],"_links":{"self":[{"href":"https:\/\/centers.ulbsibiu.ro\/ccsprise\/lact\/wp-json\/wp\/v2\/posts\/4574"}],"collection":[{"href":"https:\/\/centers.ulbsibiu.ro\/ccsprise\/lact\/wp-json\/wp\/v2\/posts"}],"about":[{"href":"https:\/\/centers.ulbsibiu.ro\/ccsprise\/lact\/wp-json\/wp\/v2\/types\/post"}],"author":[{"embeddable":true,"href":"https:\/\/centers.ulbsibiu.ro\/ccsprise\/lact\/wp-json\/wp\/v2\/users\/2"}],"replies":[{"embeddable":true,"href":"https:\/\/centers.ulbsibiu.ro\/ccsprise\/lact\/wp-json\/wp\/v2\/comments?post=4574"}],"version-history":[{"count":1,"href":"https:\/\/centers.ulbsibiu.ro\/ccsprise\/lact\/wp-json\/wp\/v2\/posts\/4574\/revisions"}],"predecessor-version":[{"id":4575,"href":"https:\/\/centers.ulbsibiu.ro\/ccsprise\/lact\/wp-json\/wp\/v2\/posts\/4574\/revisions\/4575"}],"wp:attachment":[{"href":"https:\/\/centers.ulbsibiu.ro\/ccsprise\/lact\/wp-json\/wp\/v2\/media?parent=4574"}],"wp:term":[{"taxonomy":"category","embeddable":true,"href":"https:\/\/centers.ulbsibiu.ro\/ccsprise\/lact\/wp-json\/wp\/v2\/categories?post=4574"},{"taxonomy":"post_tag","embeddable":true,"href":"https:\/\/centers.ulbsibiu.ro\/ccsprise\/lact\/wp-json\/wp\/v2\/tags?post=4574"}],"curies":[{"name":"wp","href":"https:\/\/api.w.org\/{rel}","templated":true}]}}