{"id":4568,"date":"2018-04-02T20:03:19","date_gmt":"2018-04-02T18:03:19","guid":{"rendered":"https:\/\/centers.ulbsibiu.ro\/ccsprise\/lact\/?p=4568"},"modified":"2018-04-02T20:03:19","modified_gmt":"2018-04-02T18:03:19","slug":"gov-md-sedinta-comuna-a-viceprim-ministrului-cu-ministrul-economiei-si-infrastructurii-chiril-gaburici-si-operatorii-de-telefonie-mobila-si-fixa","status":"publish","type":"post","link":"https:\/\/centers.ulbsibiu.ro\/ccsprise\/lact\/gov-md-sedinta-comuna-a-viceprim-ministrului-cu-ministrul-economiei-si-infrastructurii-chiril-gaburici-si-operatorii-de-telefonie-mobila-si-fixa\/","title":{"rendered":"Gov.md &#8211; \u0218edin\u021ba comun\u0103 a Viceprim-ministrului cu Ministrul Economiei \u0219i Infrastructurii Chiril Gaburici \u0219i operatorii de telefonie mobil\u0103 \u0219i fix\u0103"},"content":{"rendered":"<p>\u00cen contextul implement\u0103rii Deciziei protocolare privind m\u0103surile de organizare a interac\u021biunii \u00een domeniul telecomunica\u021biilor, semnat\u0103 la finele 2017, ast\u0103zi, Viceprim-ministrul, Cristina Lesnic \u0219i Ministrul Economiei \u0219i Infrastructurii, Chiril Gaburici au organizat \u0219i desf\u0103\u0219urat o \u0219edin\u021b\u0103 comun\u0103 de lucru cu operatorii\u00a0 de telefonie fix\u0103 \u0219i mobil\u0103, Ambasadorul Fran\u021bei \u00een Republica Moldova \u0219i \u0218eful Misiunii OSCE \u00een Republica Moldova.<\/p>\n<p>Discu\u021biile purtate \u00een cadrul dialogului multilateral se \u00eenscrie \u00een obiectivul comun de implementare a Deciziei protocolare men\u021bionate \u0219i implement\u0103rii agendei de lucru agreate, \u00een cadrul formatului \u201e1+1\u201d \u0219i \u201e5+2\u201d, pe durata Pre\u0219edin\u021biei Italiene, \u00een 2018, la OSCE.<\/p>\n<p>\u0218edin\u021ba s-a desf\u0103\u0219urat \u00een cadrul unui dialog constructiv, deschis \u0219i orientat spre identificarea unor solu\u021bii fezabile.<\/p>\n<p>Sursa:\u00a0<a href=\"http:\/\/gov.md\/ro\/content\/sedinta-comuna-viceprim-ministrului-cu-ministrul-economiei-si-infrastructurii-chiril\">http:\/\/gov.md\/<\/a><\/p>\n","protected":false},"excerpt":{"rendered":"<p>\u00cen contextul implement\u0103rii Deciziei protocolare privind m\u0103surile de organizare a interac\u021biunii \u00een domeniul telecomunica\u021biilor, semnat\u0103 la finele 2017, ast\u0103zi, Viceprim-ministrul, Cristina Lesnic \u0219i Ministrul Economiei \u0219i Infrastructurii, Chiril Gaburici au organizat \u0219i desf\u0103\u0219urat o \u0219edin\u021b\u0103 comun\u0103 de lucru cu operatorii\u00a0 de telefonie fix\u0103 \u0219i mobil\u0103, Ambasadorul Fran\u021bei \u00een Republica Moldova \u0219i \u0218eful Misiunii OSCE \u00een&#8230;<\/p>\n","protected":false},"author":2,"featured_media":0,"comment_status":"closed","ping_status":"open","sticky":false,"template":"","format":"standard","meta":[],"categories":[1],"tags":[],"_links":{"self":[{"href":"https:\/\/centers.ulbsibiu.ro\/ccsprise\/lact\/wp-json\/wp\/v2\/posts\/4568"}],"collection":[{"href":"https:\/\/centers.ulbsibiu.ro\/ccsprise\/lact\/wp-json\/wp\/v2\/posts"}],"about":[{"href":"https:\/\/centers.ulbsibiu.ro\/ccsprise\/lact\/wp-json\/wp\/v2\/types\/post"}],"author":[{"embeddable":true,"href":"https:\/\/centers.ulbsibiu.ro\/ccsprise\/lact\/wp-json\/wp\/v2\/users\/2"}],"replies":[{"embeddable":true,"href":"https:\/\/centers.ulbsibiu.ro\/ccsprise\/lact\/wp-json\/wp\/v2\/comments?post=4568"}],"version-history":[{"count":1,"href":"https:\/\/centers.ulbsibiu.ro\/ccsprise\/lact\/wp-json\/wp\/v2\/posts\/4568\/revisions"}],"predecessor-version":[{"id":4569,"href":"https:\/\/centers.ulbsibiu.ro\/ccsprise\/lact\/wp-json\/wp\/v2\/posts\/4568\/revisions\/4569"}],"wp:attachment":[{"href":"https:\/\/centers.ulbsibiu.ro\/ccsprise\/lact\/wp-json\/wp\/v2\/media?parent=4568"}],"wp:term":[{"taxonomy":"category","embeddable":true,"href":"https:\/\/centers.ulbsibiu.ro\/ccsprise\/lact\/wp-json\/wp\/v2\/categories?post=4568"},{"taxonomy":"post_tag","embeddable":true,"href":"https:\/\/centers.ulbsibiu.ro\/ccsprise\/lact\/wp-json\/wp\/v2\/tags?post=4568"}],"curies":[{"name":"wp","href":"https:\/\/api.w.org\/{rel}","templated":true}]}}