{"id":4564,"date":"2018-04-02T19:57:12","date_gmt":"2018-04-02T17:57:12","guid":{"rendered":"https:\/\/centers.ulbsibiu.ro\/ccsprise\/lact\/?p=4564"},"modified":"2018-04-02T19:57:12","modified_gmt":"2018-04-02T17:57:12","slug":"gov-md-intrevederea-viceprim-ministrului-cristina-lesnic-cu-ambasadorul-romaniei-in-republica-moldova-daniel-ionita","status":"publish","type":"post","link":"https:\/\/centers.ulbsibiu.ro\/ccsprise\/lact\/gov-md-intrevederea-viceprim-ministrului-cristina-lesnic-cu-ambasadorul-romaniei-in-republica-moldova-daniel-ionita\/","title":{"rendered":"Gov.md &#8211; \u00centrevederea Viceprim-ministrului Cristina Lesnic cu Ambasadorul Rom\u00e2niei \u00een Republica Moldova Daniel Ioni\u021b\u0103"},"content":{"rendered":"<p>Viceprim-ministrul Cristina Lesnic a avut ast\u0103zi, 2 aprilie, o \u00eentrevedere cu Ambasadorul Rom\u00e2niei \u00een Republica Moldova Daniel Ioni\u021b\u0103.<\/p>\n<p>\u00cen cadrul \u00eentrevederii au fost discutate un \u0219ir de aspecte ce \u021bin de reglementarea transnistrean\u0103. Cu prec\u0103dere, oficialii au abordat situa\u021bia \u0219colilor cu predare \u00een grafie latin\u0103 din regiunea transnistrean\u0103 exist\u00e2nd un consens larg asupra necesit\u0103\u021bii consolid\u0103rii eforturilor pentru a \u00eembun\u0103t\u0103\u021bi situa\u021bia lor.<\/p>\n<p>\u00cen context, cei doi s-au referit \u0219i la problema p\u0103m\u00e2nturilor amplasate dup\u0103 traseul R\u00e2bni\u021ba-Tiraspol, Vicepremierul Cristina Lesnic exprim\u00e2ndu-\u0219i speran\u021ba c\u0103 partea transnistrean\u0103 \u00ee\u0219i va onora obliga\u021biunile asumate \u0219i fermierii din raionul Dub\u0103sari vor avea acces nestingherit la acestea cu restabilirea integral\u0103 a dreptului de proprietate.<\/p>\n<p>De asemenea, au fost abordate \u0219i alte aspecte de interes comun, inclusiv perspectivele de promovare a noi proiecte \u00een interesul popula\u021biei de pe ambele maluri ale Nistrului.<\/p>\n<p>Sursa:\u00a0<a href=\"http:\/\/gov.md\/ro\/content\/intrevederea-viceprim-ministrului-cristina-lesnic-cu-ambasadorul-romaniei-republica-0\">http:\/\/gov.md\/<\/a><\/p>\n","protected":false},"excerpt":{"rendered":"<p>Viceprim-ministrul Cristina Lesnic a avut ast\u0103zi, 2 aprilie, o \u00eentrevedere cu Ambasadorul Rom\u00e2niei \u00een Republica Moldova Daniel Ioni\u021b\u0103. \u00cen cadrul \u00eentrevederii au fost discutate un \u0219ir de aspecte ce \u021bin de reglementarea transnistrean\u0103. Cu prec\u0103dere, oficialii au abordat situa\u021bia \u0219colilor cu predare \u00een grafie latin\u0103 din regiunea transnistrean\u0103 exist\u00e2nd un consens larg asupra necesit\u0103\u021bii consolid\u0103rii&#8230;<\/p>\n","protected":false},"author":2,"featured_media":0,"comment_status":"closed","ping_status":"open","sticky":false,"template":"","format":"standard","meta":[],"categories":[1],"tags":[],"_links":{"self":[{"href":"https:\/\/centers.ulbsibiu.ro\/ccsprise\/lact\/wp-json\/wp\/v2\/posts\/4564"}],"collection":[{"href":"https:\/\/centers.ulbsibiu.ro\/ccsprise\/lact\/wp-json\/wp\/v2\/posts"}],"about":[{"href":"https:\/\/centers.ulbsibiu.ro\/ccsprise\/lact\/wp-json\/wp\/v2\/types\/post"}],"author":[{"embeddable":true,"href":"https:\/\/centers.ulbsibiu.ro\/ccsprise\/lact\/wp-json\/wp\/v2\/users\/2"}],"replies":[{"embeddable":true,"href":"https:\/\/centers.ulbsibiu.ro\/ccsprise\/lact\/wp-json\/wp\/v2\/comments?post=4564"}],"version-history":[{"count":1,"href":"https:\/\/centers.ulbsibiu.ro\/ccsprise\/lact\/wp-json\/wp\/v2\/posts\/4564\/revisions"}],"predecessor-version":[{"id":4565,"href":"https:\/\/centers.ulbsibiu.ro\/ccsprise\/lact\/wp-json\/wp\/v2\/posts\/4564\/revisions\/4565"}],"wp:attachment":[{"href":"https:\/\/centers.ulbsibiu.ro\/ccsprise\/lact\/wp-json\/wp\/v2\/media?parent=4564"}],"wp:term":[{"taxonomy":"category","embeddable":true,"href":"https:\/\/centers.ulbsibiu.ro\/ccsprise\/lact\/wp-json\/wp\/v2\/categories?post=4564"},{"taxonomy":"post_tag","embeddable":true,"href":"https:\/\/centers.ulbsibiu.ro\/ccsprise\/lact\/wp-json\/wp\/v2\/tags?post=4564"}],"curies":[{"name":"wp","href":"https:\/\/api.w.org\/{rel}","templated":true}]}}