{"id":4562,"date":"2018-04-02T18:07:55","date_gmt":"2018-04-02T16:07:55","guid":{"rendered":"https:\/\/centers.ulbsibiu.ro\/ccsprise\/lact\/?p=4562"},"modified":"2018-04-02T18:07:55","modified_gmt":"2018-04-02T16:07:55","slug":"02-04-2018-liderul-de-la-tiraspol-efectueaza-o-noua-vizita-la-moscova","status":"publish","type":"post","link":"https:\/\/centers.ulbsibiu.ro\/ccsprise\/lact\/02-04-2018-liderul-de-la-tiraspol-efectueaza-o-noua-vizita-la-moscova\/","title":{"rendered":"02.04.2018: LIDERUL DE LA TIRASPOL EFECTUEAZ\u0102 O NOU\u0102 VIZIT\u0102 LA MOSCOVA"},"content":{"rendered":"<p>Pre\u015fedintele autoproclamatei RMN, Vadim Krasnosleki, a plecat \u00eentr-o nou\u0103 vizit\u0103 la Moscova.<\/p>\n<p>Potrivit agen\u0163iei INFOTAG cu referire la site-ul liderului de la Tiraspol, vizita va dura dou\u0103 zile. \u00cempreun\u0103 cu Krasnoselski, la Moscova a plecat \u0219i ministrul Afacerilor Externe, reprezentantul politic al Transnistriei \u00een procesul de negocieri, Vitalii Ignatiev.<\/p>\n<p>Programul vizitei nu este f\u0103cut public, fiind men\u0163ionat faptul c\u0103 Vadim Krasnosleki va avea \u00eent\u00e2lnirile planificate la Guvernul Rusiei, Consiliul Federa\u021biei \u0219i Duma de Stat.<\/p>\n<p>Pe 3 aprilie, Krasnoselski va r\u0103spunde la \u00eentreb\u0103rile jurnali\u0219tilor \u00een cadrul unei conferin\u021be de pres\u0103 la \u201eGazeta parlamentar\u0103\u201d, care reflect\u0103 activ \u00een paginile sale toate detaliile despre deplas\u0103rile sale \u00een Rusia.<\/p>\n<p>De la \u00eenceputul anului, Krasnoselski a fost la Moscova de mai multe ori, ultima dat\u0103 la \u00eenceputul lunii martie. El a participat la forum compatrio\u021bilor ru\u0219i \u201e\u00cempreun\u0103 cu Rusia\u201c, unde a vorbit \u0163inut un discurs, intitulat \u201eTransnistria \u2013 parte integrant\u0103 a lumii ruse: situa\u021bia actual\u0103 \u0219i perspective de dezvoltare\u201d.<\/p>\n<p>Sursa:\u00a0<a href=\"http:\/\/www.infotag.md\/rebelion-ro\/261645\/\">http:\/\/www.infotag.md<\/a><\/p>\n","protected":false},"excerpt":{"rendered":"<p>Pre\u015fedintele autoproclamatei RMN, Vadim Krasnosleki, a plecat \u00eentr-o nou\u0103 vizit\u0103 la Moscova. Potrivit agen\u0163iei INFOTAG cu referire la site-ul liderului de la Tiraspol, vizita va dura dou\u0103 zile. \u00cempreun\u0103 cu Krasnoselski, la Moscova a plecat \u0219i ministrul Afacerilor Externe, reprezentantul politic al Transnistriei \u00een procesul de negocieri, Vitalii Ignatiev. Programul vizitei nu este f\u0103cut public,&#8230;<\/p>\n","protected":false},"author":2,"featured_media":0,"comment_status":"closed","ping_status":"open","sticky":false,"template":"","format":"standard","meta":[],"categories":[1],"tags":[],"_links":{"self":[{"href":"https:\/\/centers.ulbsibiu.ro\/ccsprise\/lact\/wp-json\/wp\/v2\/posts\/4562"}],"collection":[{"href":"https:\/\/centers.ulbsibiu.ro\/ccsprise\/lact\/wp-json\/wp\/v2\/posts"}],"about":[{"href":"https:\/\/centers.ulbsibiu.ro\/ccsprise\/lact\/wp-json\/wp\/v2\/types\/post"}],"author":[{"embeddable":true,"href":"https:\/\/centers.ulbsibiu.ro\/ccsprise\/lact\/wp-json\/wp\/v2\/users\/2"}],"replies":[{"embeddable":true,"href":"https:\/\/centers.ulbsibiu.ro\/ccsprise\/lact\/wp-json\/wp\/v2\/comments?post=4562"}],"version-history":[{"count":1,"href":"https:\/\/centers.ulbsibiu.ro\/ccsprise\/lact\/wp-json\/wp\/v2\/posts\/4562\/revisions"}],"predecessor-version":[{"id":4563,"href":"https:\/\/centers.ulbsibiu.ro\/ccsprise\/lact\/wp-json\/wp\/v2\/posts\/4562\/revisions\/4563"}],"wp:attachment":[{"href":"https:\/\/centers.ulbsibiu.ro\/ccsprise\/lact\/wp-json\/wp\/v2\/media?parent=4562"}],"wp:term":[{"taxonomy":"category","embeddable":true,"href":"https:\/\/centers.ulbsibiu.ro\/ccsprise\/lact\/wp-json\/wp\/v2\/categories?post=4562"},{"taxonomy":"post_tag","embeddable":true,"href":"https:\/\/centers.ulbsibiu.ro\/ccsprise\/lact\/wp-json\/wp\/v2\/tags?post=4562"}],"curies":[{"name":"wp","href":"https:\/\/api.w.org\/{rel}","templated":true}]}}