{"id":4554,"date":"2018-03-30T18:59:47","date_gmt":"2018-03-30T16:59:47","guid":{"rendered":"https:\/\/centers.ulbsibiu.ro\/ccsprise\/lact\/?p=4554"},"modified":"2020-06-12T15:38:03","modified_gmt":"2020-06-12T13:38:03","slug":"europalibera-org-andrei-deviatkov-dialogul-cu-transnistria-nu-mai-este-perceput-ca-element-de-presiune-asupra-rusiei","status":"publish","type":"post","link":"https:\/\/centers.ulbsibiu.ro\/ccsprise\/lact\/europalibera-org-andrei-deviatkov-dialogul-cu-transnistria-nu-mai-este-perceput-ca-element-de-presiune-asupra-rusiei\/","title":{"rendered":"Europalibera.org &#8211; Andrei Deviatkov: \u201eDialogul cu Transnistria nu mai este perceput ca element de presiune asupra Rusiei\u201d"},"content":{"rendered":"<div class=\"intro content-offset\">\n<p><a title=\"Lina Gr\u00e2u\" href=\"https:\/\/www.europalibera.org\/author\/22344.html\">Lina Gr\u00e2u<\/a><\/p>\n<p>Un expert de la Moscova despre vizita emisarului OSCE Franco Frattini \u00een R.Moldova.<\/p>\n<\/div>\n<div>\n<div class=\"wsw\">\n<p><em>Reprezentantul special al pre\u0219edin\u021biei italiene a OSCE pentru procesul de reglementare transnistrean\u0103, Franco Frattini, a declarat, miercuri, la finalul unei vizite la Chi\u0219in\u0103u \u0219i Tiraspol c\u0103 p\u0103r\u021bile au exprimat \u201evoin\u021b\u0103 politic\u0103 la cel mai \u00eenalt nivel\u201d pentru a g\u0103si o cale de recunoa\u0219tere a pl\u0103cu\u021belor de \u00eenmatriculare auto din regiunea transnistrean\u0103 \u0219i a rezolva alte chestiuni prev\u0103zute de un protocol pentru \u00eent\u0103rirea \u00eencrederii. \u00cen timpul primei sale vizite \u00een Republica Moldova ca emisar al pre\u0219edin\u021biei italiene a OSCE, fostul ministru italian de externe a mai spus c\u0103 prioritatea mandatului s\u0103u de anul acesta este implementarea a opt acorduri pentru \u00eent\u0103rirea \u00eencrederii \u00eentre malurile Nistrului pe care p\u0103r\u021bile le-au \u00eencheiat ori s-au angajat s\u0103 le \u00eencheie \u0219i se le implementeze. \u00cen afar\u0103 de recunoa\u0219terea pl\u0103cu\u021belor de \u00eenmatriculare auto, chestiunile \u00een care nu s-a ajuns \u00eenc\u0103 la vreun acord definitiv sunt restabilirea leg\u0103turii de telefonie fix\u0103 peste Nistru \u0219i asigurarea accesului fermierilor moldoveni la terenurile lor de dincolo de \u0219oseaua Dub\u0103sari &#8211; Tiraspol. Despre ultimele evolu\u021bii privind conflictul transnistrean, Lina Gr\u00e2u a discutat cu cercet\u0103torul Andrei Deviatkov de la Institutul de economie al Academiei de \u0218tiin\u021be a Federa\u021biei Ruse<\/em>.<\/p>\n<p><strong>Europa Liber\u0103: Din punctul Dumneavoastr\u0103 de vedere, ce a schimbat vizita lui Frattini? Exper\u021bii de la Chi\u015fin\u0103u de exemplu au remarcat c\u0103 acesta \u0219i-a nuan\u021bat mesajul cu privire la inoportunitatea retragerii trupelor ruse din Republica Moldova. <\/strong><\/p>\n<p><strong>Andrei Deviatkov:<\/strong> \u201eFrattini este un politician de rang \u00eenalt, este fostul vicepre\u0219edinte al Comisiei Europene \u0219i fost ministru de Externe al Italiei. \u0218i acum, odat\u0103 cu revenirea partidului lui Berlusconi la putere aceste este v\u0103zut ca o persoan\u0103 care va mai ocupa func\u021bii importante.<\/p>\n<p>Iar vizita lui \u00een Republica Moldova a fost folosit\u0103 din plin de Partidul Democrat, de guvernare. Plahotniuc a ie\u0219it personal \u0219i a f\u0103cut o declara\u021bie cu dou\u0103 s\u0103pt\u0103m\u00e2ni \u00eenainte de aceast\u0103 vizit\u0103 cu privire la propria lui interpretare a ceea ce a spus Frattini referitor la trupele ruse. Av\u00e2nd \u00een vedere acest lucru, Frattini a fost nevoit s\u0103 se \u00eent\u00e2lneasc\u0103 cu Plahotniuc c\u00e2nd a venit la Chi\u015fin\u0103u, chiar dac\u0103 anterior vizitele lui Steinmeier sau ale lui Kurtz nu presupuneau \u00eent\u00e2lniri, cel pu\u021bin publice, cu pre\u0219edin\u021bii coali\u021biilor parlamentare.<\/p>\n<p>\u00cen plus, Republica Moldova \u0219i-a putut reconfirma plenar pozi\u021bia cu privire la libertatea de circula\u021bie. Frattini nu doar a reconfirmat pozi\u021bia OSCE cu privire la retragerea trupelor ruse, dar a declarat \u0219i c\u0103 Rusia \u0219i Transnistria trebuie s\u0103 fac\u0103 totul pentru asigurarea libert\u0103\u021bii de circula\u021bie, \u00een a\u0219a fel \u00eenc\u00e2t s\u0103 nu existe post vamal transnistrean l\u00e2ng\u0103 podul de la Gura-B\u00eecului. S-a v\u0103zut de fapt c\u0103 Frattini \u0219i Scanlan, \u0219eful misiunii OSCE, au reconfirmat toate punctele care erau principiale pentru Partidul Democrat \u0219i pentru Republica Moldova \u00een general.<\/p>\n<p>Adic\u0103 impresia mea este c\u0103 vizita lui Frattini a fost important\u0103 din perspectiva faptului c\u0103 partidul de guvernare a folosit-o din plin \u00een scopurile sale \u0219i a ar\u0103tat cine este st\u0103p\u00e2n \u00een \u021bar\u0103 \u0219i la ini\u021biativa cui se face reglementarea transnistrean\u0103. Iar afirma\u021biile c\u0103 Frattini a fost nevoit s\u0103-\u0219i schimbe pozi\u021biile, chiar dac\u0103 de fapt nu a f\u0103cut acest lucru \u2013 el pur \u0219i simplu s-a exprimat \u00een alt mod \u2013 au fost tirajate demonstrativ de toate televiziunile moldovene\u0219ti afiliate PD-ului, care au afirmat c\u0103 sub presiunea Guvernului Republicii Moldova Frattini \u0219i-a schimbat pozi\u021bia.\u201d<\/p>\n<p>Interviul integral:\u00a0<a href=\"https:\/\/www.europalibera.org\/a\/interviu-andrei-deviatkov\/29135529.html\">https:\/\/www.europalibera.org<\/a><\/p>\n<\/div>\n<\/div>\n","protected":false},"excerpt":{"rendered":"<p>Lina Gr\u00e2u Un expert de la Moscova despre vizita emisarului OSCE Franco Frattini \u00een R.Moldova. Reprezentantul special al pre\u0219edin\u021biei italiene a OSCE pentru procesul de reglementare transnistrean\u0103, Franco Frattini, a declarat, miercuri, la finalul unei vizite la Chi\u0219in\u0103u \u0219i Tiraspol c\u0103 p\u0103r\u021bile au exprimat \u201evoin\u021b\u0103 politic\u0103 la cel mai \u00eenalt nivel\u201d pentru a g\u0103si o&#8230;<\/p>\n","protected":false},"author":2,"featured_media":0,"comment_status":"closed","ping_status":"open","sticky":false,"template":"","format":"standard","meta":[],"categories":[1],"tags":[],"_links":{"self":[{"href":"https:\/\/centers.ulbsibiu.ro\/ccsprise\/lact\/wp-json\/wp\/v2\/posts\/4554"}],"collection":[{"href":"https:\/\/centers.ulbsibiu.ro\/ccsprise\/lact\/wp-json\/wp\/v2\/posts"}],"about":[{"href":"https:\/\/centers.ulbsibiu.ro\/ccsprise\/lact\/wp-json\/wp\/v2\/types\/post"}],"author":[{"embeddable":true,"href":"https:\/\/centers.ulbsibiu.ro\/ccsprise\/lact\/wp-json\/wp\/v2\/users\/2"}],"replies":[{"embeddable":true,"href":"https:\/\/centers.ulbsibiu.ro\/ccsprise\/lact\/wp-json\/wp\/v2\/comments?post=4554"}],"version-history":[{"count":2,"href":"https:\/\/centers.ulbsibiu.ro\/ccsprise\/lact\/wp-json\/wp\/v2\/posts\/4554\/revisions"}],"predecessor-version":[{"id":4556,"href":"https:\/\/centers.ulbsibiu.ro\/ccsprise\/lact\/wp-json\/wp\/v2\/posts\/4554\/revisions\/4556"}],"wp:attachment":[{"href":"https:\/\/centers.ulbsibiu.ro\/ccsprise\/lact\/wp-json\/wp\/v2\/media?parent=4554"}],"wp:term":[{"taxonomy":"category","embeddable":true,"href":"https:\/\/centers.ulbsibiu.ro\/ccsprise\/lact\/wp-json\/wp\/v2\/categories?post=4554"},{"taxonomy":"post_tag","embeddable":true,"href":"https:\/\/centers.ulbsibiu.ro\/ccsprise\/lact\/wp-json\/wp\/v2\/tags?post=4554"}],"curies":[{"name":"wp","href":"https:\/\/api.w.org\/{rel}","templated":true}]}}