{"id":4552,"date":"2018-03-30T18:52:11","date_gmt":"2018-03-30T16:52:11","guid":{"rendered":"https:\/\/centers.ulbsibiu.ro\/ccsprise\/lact\/?p=4552"},"modified":"2018-03-30T18:52:11","modified_gmt":"2018-03-30T16:52:11","slug":"gov-md-comisia-unificata-de-control-a-aprobat-un-nou-sef-militar-superior-al-fortelor-de-pacificare-din-partea-federatiei-ruse","status":"publish","type":"post","link":"https:\/\/centers.ulbsibiu.ro\/ccsprise\/lact\/gov-md-comisia-unificata-de-control-a-aprobat-un-nou-sef-militar-superior-al-fortelor-de-pacificare-din-partea-federatiei-ruse\/","title":{"rendered":"Gov.md &#8211; Comisia Unificat\u0103 de Control a aprobat un nou \u0219ef militar superior al for\u021belor de pacificare din partea Federa\u021biei Ruse"},"content":{"rendered":"<p>La 29 martie curent, \u00een or. Bender, Comisia Unificat\u0103 de Control (CUC) s-a \u00eentrunit \u00eentr-o \u015fedin\u0163\u0103 prezidat\u0103 de delega\u021bia regiunii transnistrene.<\/p>\n<p>\u00cen urma examin\u0103rii aspectelor organizatorice, la propunerea dlui Ilia Uvarov, copre\u0219edinte al Comisiei din partea Federa\u021biei Ruse, CUC l-a aprobat \u00een func\u021bia de \u0219ef militar superior al for\u021belor de men\u021binere a p\u0103cii din partea Federa\u021biei Ruse pe colonelul Oleg Leuhin. Acesta l-a substituit pe colonelul Serghei R\u00e2bakov, care \u0219i-a \u00eencheiat deplasarea de serviciu.<\/p>\n<p>Ulterior, potrivit agendei de lucru, a fost audiat \u0219i aprobat raportul s\u0103pt\u0103m\u00e2nal privind situa\u0163ia \u00een Zona de Securitate pe perioada 22\u201327 martie 2018, prezentat de \u00a0Comandamentul Militar \u00centrunit.<\/p>\n<p>De asemenea, componentele CUC au continuat discu\u021biile pentru identificarea solu\u021biei cu privire la redeschiderea circula\u021biei pe podul peste r\u00e2ul Nistru din preajma satelor Gura B\u00e2cului \u0219i B\u00e2cioc. \u00cen acest sens, Delega\u021bia Republicii Moldova a propus includerea \u00een proiectul procesului-verbal al \u0219edin\u021bei a unui angajament, prin care p\u0103r\u021bile s\u0103-\u0219i asume obliga\u021bia de a nu recurge la orice ac\u021biuni, necoordonate \u00een cadrul CUC, de modificare a infrastructurii, efectivului numeric \u0219i componen\u021bei structurilor de for\u021b\u0103 \u0219i organelor de drept \u00een perimetrul Zonei de Securitate.<\/p>\n<p>Discu\u021biile asupra propunerii delega\u021biei moldovene\u0219ti au conturat solu\u021bii viabile \u00a0\u00eentru dep\u0103\u0219irea problemei existente, care au fost agreate, \u00een mare parte, de componentele Comisiei, mai cu seam\u0103 de delega\u021bia Federa\u021biei Ruse.<\/p>\n<p>La propunerea p\u0103r\u021bii transnistrene, care a solicitat timp pentru consult\u0103ri suplimentare, luarea unei decizii a fost transferat\u0103 pentru urm\u0103toarea \u0219edin\u021b\u0103 care va avea loc la data de 5 aprilie curent.<\/p>\n<p>&nbsp;<\/p>\n<p><strong>Delega\u021bia Republicii Moldova \u00een CUC<\/strong><\/p>\n<p>&nbsp;<\/p>\n<p>Sursa:\u00a0<a href=\"http:\/\/gov.md\/ro\/content\/comisia-unificata-de-control-aprobat-un-nou-sef-militar-superior-al-fortelor-de-pacificare\">http:\/\/gov.md\/<\/a><\/p>\n","protected":false},"excerpt":{"rendered":"<p>La 29 martie curent, \u00een or. Bender, Comisia Unificat\u0103 de Control (CUC) s-a \u00eentrunit \u00eentr-o \u015fedin\u0163\u0103 prezidat\u0103 de delega\u021bia regiunii transnistrene. \u00cen urma examin\u0103rii aspectelor organizatorice, la propunerea dlui Ilia Uvarov, copre\u0219edinte al Comisiei din partea Federa\u021biei Ruse, CUC l-a aprobat \u00een func\u021bia de \u0219ef militar superior al for\u021belor de men\u021binere a p\u0103cii din partea&#8230;<\/p>\n","protected":false},"author":2,"featured_media":0,"comment_status":"closed","ping_status":"open","sticky":false,"template":"","format":"standard","meta":[],"categories":[1],"tags":[],"_links":{"self":[{"href":"https:\/\/centers.ulbsibiu.ro\/ccsprise\/lact\/wp-json\/wp\/v2\/posts\/4552"}],"collection":[{"href":"https:\/\/centers.ulbsibiu.ro\/ccsprise\/lact\/wp-json\/wp\/v2\/posts"}],"about":[{"href":"https:\/\/centers.ulbsibiu.ro\/ccsprise\/lact\/wp-json\/wp\/v2\/types\/post"}],"author":[{"embeddable":true,"href":"https:\/\/centers.ulbsibiu.ro\/ccsprise\/lact\/wp-json\/wp\/v2\/users\/2"}],"replies":[{"embeddable":true,"href":"https:\/\/centers.ulbsibiu.ro\/ccsprise\/lact\/wp-json\/wp\/v2\/comments?post=4552"}],"version-history":[{"count":1,"href":"https:\/\/centers.ulbsibiu.ro\/ccsprise\/lact\/wp-json\/wp\/v2\/posts\/4552\/revisions"}],"predecessor-version":[{"id":4553,"href":"https:\/\/centers.ulbsibiu.ro\/ccsprise\/lact\/wp-json\/wp\/v2\/posts\/4552\/revisions\/4553"}],"wp:attachment":[{"href":"https:\/\/centers.ulbsibiu.ro\/ccsprise\/lact\/wp-json\/wp\/v2\/media?parent=4552"}],"wp:term":[{"taxonomy":"category","embeddable":true,"href":"https:\/\/centers.ulbsibiu.ro\/ccsprise\/lact\/wp-json\/wp\/v2\/categories?post=4552"},{"taxonomy":"post_tag","embeddable":true,"href":"https:\/\/centers.ulbsibiu.ro\/ccsprise\/lact\/wp-json\/wp\/v2\/tags?post=4552"}],"curies":[{"name":"wp","href":"https:\/\/api.w.org\/{rel}","templated":true}]}}