{"id":4548,"date":"2018-03-29T09:47:11","date_gmt":"2018-03-29T07:47:11","guid":{"rendered":"https:\/\/centers.ulbsibiu.ro\/ccsprise\/lact\/?p=4548"},"modified":"2018-03-29T09:47:11","modified_gmt":"2018-03-29T07:47:11","slug":"tvrmoldova-md-opinie-acordarea-unui-statut-special-transnistriei-este-o-propunere-ruseasca-care-nu-trebuie-in-niciun-caz-acceptata","status":"publish","type":"post","link":"https:\/\/centers.ulbsibiu.ro\/ccsprise\/lact\/tvrmoldova-md-opinie-acordarea-unui-statut-special-transnistriei-este-o-propunere-ruseasca-care-nu-trebuie-in-niciun-caz-acceptata\/","title":{"rendered":"Tvrmoldova.md &#8211; Opinie. Acordarea unui statut special Transnistriei este o propunere ruseasc\u0103, care nu trebuie \u00een niciun caz acceptat\u0103"},"content":{"rendered":"<p class=\"digest\">Acordarea unui statut special teritoriului din regiunea transnistrean\u0103 este o propunere din partea Federa\u0163iei Ruse, care nu trebuie \u00een niciun caz acceptat\u0103, aceast\u0103 declara\u0163ie \u00een apar\u0163ine lui Vladimir Socor, analist politic al Funda\u0163iei Jamestown, expus\u0103 \u00een cadrul emisiunii Punctul pe azi de la TVR MOLDOVA.<\/p>\n<div class=\"content\">\u201eChi\u015fin\u0103ul nu trebuie \u00een niciun caz s\u0103 accepte aceast\u0103 propunere, din dou\u0103 motive. \u00cen primul r\u00e2nd statutul special nu urmeaz\u0103 fie acordat \u00eentr-un mod unilateral de c\u0103tre Chi\u015fin\u0103u Tiraspolului, va fi vorba de o negociere \u00eentre dou\u0103 par\u0163i \u00a0egale, sau statul special va conveni Rusie \u015fi Tiraspolului, fiind negociat bilateral. Sau acesta nu va fi aprobat, iar atunci Rusia va spune c\u0103 nu-\u015fi poate retrage trupele de pe teritoriul Republicii Moldova \u00een Transnistria. \u00cen aldoilea d\u00e2nd, Rusia condi\u0163ioneaz\u0103 retragerea \u00a0trupelor prin acordarea mai \u00eent\u00e2i a statutului special prin negocieri pe baz\u0103 de egalitate. Iat\u0103 de ce RM trebuie s\u0103 rup\u0103 aceast\u0103 conexiune pe care Rusia a impus-o \u00een negocieri,&#8221; a conxis analistul rom\u00e2n\u00a0Socor.<\/div>\n<div><\/div>\n<div>Sursa:\u00a0<a href=\"http:\/\/tvrmoldova.md\/politic\/opinie-acordarea-unui-statut-special-transnistriei-este-o-propunere-ruseasca-care-nu-trebuie-in-niciun-caz-acceptata\/\">http:\/\/tvrmoldova.md\/<\/a><\/div>\n","protected":false},"excerpt":{"rendered":"<p>Acordarea unui statut special teritoriului din regiunea transnistrean\u0103 este o propunere din partea Federa\u0163iei Ruse, care nu trebuie \u00een niciun caz acceptat\u0103, aceast\u0103 declara\u0163ie \u00een apar\u0163ine lui Vladimir Socor, analist politic al Funda\u0163iei Jamestown, expus\u0103 \u00een cadrul emisiunii Punctul pe azi de la TVR MOLDOVA. \u201eChi\u015fin\u0103ul nu trebuie \u00een niciun caz s\u0103 accepte aceast\u0103 propunere,&#8230;<\/p>\n","protected":false},"author":2,"featured_media":0,"comment_status":"closed","ping_status":"open","sticky":false,"template":"","format":"standard","meta":[],"categories":[1],"tags":[],"_links":{"self":[{"href":"https:\/\/centers.ulbsibiu.ro\/ccsprise\/lact\/wp-json\/wp\/v2\/posts\/4548"}],"collection":[{"href":"https:\/\/centers.ulbsibiu.ro\/ccsprise\/lact\/wp-json\/wp\/v2\/posts"}],"about":[{"href":"https:\/\/centers.ulbsibiu.ro\/ccsprise\/lact\/wp-json\/wp\/v2\/types\/post"}],"author":[{"embeddable":true,"href":"https:\/\/centers.ulbsibiu.ro\/ccsprise\/lact\/wp-json\/wp\/v2\/users\/2"}],"replies":[{"embeddable":true,"href":"https:\/\/centers.ulbsibiu.ro\/ccsprise\/lact\/wp-json\/wp\/v2\/comments?post=4548"}],"version-history":[{"count":1,"href":"https:\/\/centers.ulbsibiu.ro\/ccsprise\/lact\/wp-json\/wp\/v2\/posts\/4548\/revisions"}],"predecessor-version":[{"id":4549,"href":"https:\/\/centers.ulbsibiu.ro\/ccsprise\/lact\/wp-json\/wp\/v2\/posts\/4548\/revisions\/4549"}],"wp:attachment":[{"href":"https:\/\/centers.ulbsibiu.ro\/ccsprise\/lact\/wp-json\/wp\/v2\/media?parent=4548"}],"wp:term":[{"taxonomy":"category","embeddable":true,"href":"https:\/\/centers.ulbsibiu.ro\/ccsprise\/lact\/wp-json\/wp\/v2\/categories?post=4548"},{"taxonomy":"post_tag","embeddable":true,"href":"https:\/\/centers.ulbsibiu.ro\/ccsprise\/lact\/wp-json\/wp\/v2\/tags?post=4548"}],"curies":[{"name":"wp","href":"https:\/\/api.w.org\/{rel}","templated":true}]}}