{"id":4546,"date":"2018-03-29T09:44:34","date_gmt":"2018-03-29T07:44:34","guid":{"rendered":"https:\/\/centers.ulbsibiu.ro\/ccsprise\/lact\/?p=4546"},"modified":"2020-06-12T15:38:50","modified_gmt":"2020-06-12T13:38:50","slug":"rfi-ro-oazu-nantoi-la-rfi-vizita-lui-frattini-nu-schimba-nimic-in-acest-blocaj-intentionat-de-solutionare-a-problemei-transnistrene","status":"publish","type":"post","link":"https:\/\/centers.ulbsibiu.ro\/ccsprise\/lact\/rfi-ro-oazu-nantoi-la-rfi-vizita-lui-frattini-nu-schimba-nimic-in-acest-blocaj-intentionat-de-solutionare-a-problemei-transnistrene\/","title":{"rendered":"Rfi.ro &#8211; Oazu Nantoi, la RFI: \u201cVizita lui Frattini nu schimb\u0103 nimic \u00een acest blocaj inten\u021bionat de solu\u021bionare a problemei transnistrene\u201d"},"content":{"rendered":"<div><a href=\"https:\/\/www.rfi.ro\/autori\/valeria-vitu\">Valeria Vi\u0163u<\/a><\/div>\n<div>\n<div>\n<div>\n<div>\n<p>&#8220;Responsabilitatea politic\u0103 pentru nesolu\u021bionarea conflictului transnistrean o poart\u0103 totalmente conducerile R.Moldova. Vizita lui Frattini nu schimb\u0103 nimic \u00een aceast\u0103 situa\u021bie de blocaj inten\u021bionat de solu\u021bionare a problemei transnistrene\u201d, o spune \u00eentru-un interviu la RFI, expertul Oazu Nantoi \u00een contextul vizitei \u00een R.Moldova a Reprezentantului Special al Pre\u0219edintelui \u00een exerci\u021biu al OSCE,\u00a0Franco Frattini.<\/p>\n<\/div>\n<\/div>\n<\/div>\n<div>\n<div>\n<div>\n<div>\n<p>\u201dAutorit\u0103\u021bile moldovene au acceptat schema eronat\u0103 de percepere a conflictului, impus\u0103 de Federa\u021bia Rus\u0103 precum c\u0103 ar fi vorba de un conflict intern, \u00eentre popula\u021bia de pe malul st\u00e2ng \u0219i malul drept al Nistrului \u0219i noi avem nevoie de mediatori, \u00een persoana Rusiei care de facto \u0219i de jure este agresor, Ucrainei \u0219i misiunii OSCE\u201d. \u201dEste un specatcol cinic care se desf\u0103\u0219oar\u0103, profit\u00e2nd c\u0103 societatea moldoveneasc\u0103 nu \u00een\u021belege gravitatea situa\u021biei \u0219i problema conflictului este la pereferia pereferiilor opiniei publice\u201d, sus\u021bine Oazu Nantoi, director de programe la Institutul de Politici Publice de la Chi\u0219in\u0103u,<\/p>\n<p>\u201d Vreau s\u0103 subliniez c\u0103 unele mi\u0219c\u0103ri \u00een direc\u021bii pozitive s-au realizat \u00een afara a\u0219a-zisului format pentalateral, care nici nu este format de negocieri, ci este consf\u0103tuire permanent\u0103 pe chestiuni politice, \u00een cadrul reglement\u0103rii conflictului transnistrean. Acest format a fost institu\u021bionalizat \u00een 2002. Au trecut 16 ani de zile \u0219i nimic nu s-a rezolvat pentru re\u00eentregirea R.Moldova\u201d, continu\u0103 comentatorul moldovean.<\/p>\n<h2>\u201dRezolvarea conflictului nu se face prin semnarea unui document \u00een prezen\u021ba jurnali\u0219tilor\u201d<\/h2>\n<p>Problema transnistrean\u0103 ar putea fi solu\u021bionat\u0103 dac\u0103 va exista o conducere adecvat\u0103 \u00een R.Moldova, consider\u0103 Oazu Nantoi.\u201d Rezolvarea conflictului nu se face prin semnarea unui document \u00een prezen\u021ba jurnali\u0219tilor. Acest conflict poate fi solu\u021bionat, dar nu este, pentru c\u0103 guvern\u0103rile de la Chi\u0219in\u0103u sunt corupte, incompetente \u0219i probabil ghidate de Federa\u021bia Rus\u0103. Eu nu am nici un fel de speran\u021b\u0103 legat\u0103 de solu\u021bionarea conflictului transnistrean. Aceast\u0103 schem\u0103 de percepere a problemei este eronat\u0103, a fost impus\u0103 de Federa\u021bia Rus\u0103 \u0219i acceptat\u0103 de conducerile R.Moldova ca aceast\u0103 problem\u0103 s\u0103 nu fie solu\u021bionat\u0103. Dac\u0103 ar fi existat voin\u021b\u0103 politic\u0103, conflictul era solu\u021bionat. Eu m\u0103 refer la demontarea pa\u0219nic\u0103 a structurilor acestui regim \u0219i integrarea popula\u021biei \u00een societatea moldoveneasc\u0103.\u00a0 Aici apare o alt\u0103 problem\u0103. Oamenii de pe malul drept pierd \u00eencrederea \u00een proiectul statalit\u0103\u021bii R.Moldova \u0219i evadeaz\u0103 din aceast\u0103 \u021bar\u0103\u201d, continu\u0103 expertul \u00een problema transnistrean\u0103.<\/p>\n<\/div>\n<p>Interviul integral:\u00a0<a href=\"https:\/\/www.rfi.ro\/moldova-102188-oazu-nantoi-frattini-blocaj-transnistria\">https:\/\/www.rfi.ro\/<\/a><\/p>\n<\/div>\n<\/div>\n<\/div>\n<\/div>\n","protected":false},"excerpt":{"rendered":"<p>Valeria Vi\u0163u &#8220;Responsabilitatea politic\u0103 pentru nesolu\u021bionarea conflictului transnistrean o poart\u0103 totalmente conducerile R.Moldova. Vizita lui Frattini nu schimb\u0103 nimic \u00een aceast\u0103 situa\u021bie de blocaj inten\u021bionat de solu\u021bionare a problemei transnistrene\u201d, o spune \u00eentru-un interviu la RFI, expertul Oazu Nantoi \u00een contextul vizitei \u00een R.Moldova a Reprezentantului Special al Pre\u0219edintelui \u00een exerci\u021biu al OSCE,\u00a0Franco Frattini. \u201dAutorit\u0103\u021bile&#8230;<\/p>\n","protected":false},"author":2,"featured_media":0,"comment_status":"closed","ping_status":"open","sticky":false,"template":"","format":"standard","meta":[],"categories":[1],"tags":[],"_links":{"self":[{"href":"https:\/\/centers.ulbsibiu.ro\/ccsprise\/lact\/wp-json\/wp\/v2\/posts\/4546"}],"collection":[{"href":"https:\/\/centers.ulbsibiu.ro\/ccsprise\/lact\/wp-json\/wp\/v2\/posts"}],"about":[{"href":"https:\/\/centers.ulbsibiu.ro\/ccsprise\/lact\/wp-json\/wp\/v2\/types\/post"}],"author":[{"embeddable":true,"href":"https:\/\/centers.ulbsibiu.ro\/ccsprise\/lact\/wp-json\/wp\/v2\/users\/2"}],"replies":[{"embeddable":true,"href":"https:\/\/centers.ulbsibiu.ro\/ccsprise\/lact\/wp-json\/wp\/v2\/comments?post=4546"}],"version-history":[{"count":1,"href":"https:\/\/centers.ulbsibiu.ro\/ccsprise\/lact\/wp-json\/wp\/v2\/posts\/4546\/revisions"}],"predecessor-version":[{"id":4547,"href":"https:\/\/centers.ulbsibiu.ro\/ccsprise\/lact\/wp-json\/wp\/v2\/posts\/4546\/revisions\/4547"}],"wp:attachment":[{"href":"https:\/\/centers.ulbsibiu.ro\/ccsprise\/lact\/wp-json\/wp\/v2\/media?parent=4546"}],"wp:term":[{"taxonomy":"category","embeddable":true,"href":"https:\/\/centers.ulbsibiu.ro\/ccsprise\/lact\/wp-json\/wp\/v2\/categories?post=4546"},{"taxonomy":"post_tag","embeddable":true,"href":"https:\/\/centers.ulbsibiu.ro\/ccsprise\/lact\/wp-json\/wp\/v2\/tags?post=4546"}],"curies":[{"name":"wp","href":"https:\/\/api.w.org\/{rel}","templated":true}]}}