{"id":4542,"date":"2018-03-28T19:03:25","date_gmt":"2018-03-28T17:03:25","guid":{"rendered":"https:\/\/centers.ulbsibiu.ro\/ccsprise\/lact\/?p=4542"},"modified":"2018-03-28T19:03:25","modified_gmt":"2018-03-28T17:03:25","slug":"infotag-md-liderul-transnistrean-a-numit-patru-sarcini-prioritare-pentru-procesul-de-negocieri","status":"publish","type":"post","link":"https:\/\/centers.ulbsibiu.ro\/ccsprise\/lact\/infotag-md-liderul-transnistrean-a-numit-patru-sarcini-prioritare-pentru-procesul-de-negocieri\/","title":{"rendered":"Infotag.md &#8211; LIDERUL TRANSNISTREAN A NUMIT PATRU SARCINI PRIORITARE PENTRU PROCESUL DE NEGOCIERI"},"content":{"rendered":"<p>\u00cen negocierile cu Moldova, Transnistria inten\u0163ioneaz\u0103 s\u0103 solu\u0163ioneze patru probleme importante, cu ajutorul mediatorilor \u0219i observatorilor, a declarat pre\u0219edintele autoproclamatei RMN, Vadim Krasnoselski, \u00een cadrul unui briefing la care a f\u0103cut bilan\u0163ul \u00eentrevederii cu reprezentantul special al Pre\u0219edin\u0163iei OSCE, Franco Frattini.<\/p>\n<p>Potrivit agen\u0163iei INFOTAG cu referire la site-ul liderului de la Tiraspol, este vorba de \u201eacordul privind numerele de \u00eenmatriculare neutre, deblocarea circula\u0163iei feroviare la sta\u021bia \u201eSlobodka\u201d, deblocarea conturilor bancare ale b\u0103ncilor transnistrene \u0219i \u00eencetarea cauzelor penale motivate politic\u201d.<\/p>\n<p>\u201eToate problemele pot fi solu\u021bionate doar cu o singur\u0103 condi\u021bie: compromisul \u00eentre p\u0103r\u021bi. Sprijin pozi\u021bia domnului Frattini, care se bazeaz\u0103 pe compromis \u0219i pace \u00een rezolvarea oric\u0103ror probleme. Aici, p\u0103rerile noastre coincid \u00een totalitate. Cred c\u0103, cu o astfel de simbioz\u0103 a opiniilor, vom ob\u021bine un rezultat pozitiv\u201d, a spus Krasnoselski.<\/p>\n<p>Reprezentantul politici al Transnistriei \u00een negocierile cu Moldova, ministrul de Externe al regiunii, Vitalii Ignatiev, a men\u0163ionat la \u00eentrevederea cu Frattini c\u0103 partea transnistrean\u0103 \u201epropune ac\u0163ionarea \u00een baza principiului optimalit\u0103\u021bii \u0219i ra\u021bionalit\u0103\u0163ii\u201d.<\/p>\n<p>\u201eTrebuie respecta\u021bi to\u021bi parametrii ce \u0163in de cerin\u021bele interna\u021bionale, iar orice aspecte neobligatorii, care au un caracter politic \u0219i care complic\u0103 dialogul, trebuie s\u0103 fie eliminate. Vorbesc, \u00een special, despre problema transportului auto \u0219i sper c\u0103 \u00eempreun\u0103 cu colegii no\u0219tri moldoveni vom putea ajunge la un numitor comun pe aceast\u0103 tem\u0103\u201d, a spus el.<\/p>\n<p>Ignatiev a salutat inten\u021bia Pre\u0219edin\u021biei italiene a OSCE de a organiza \u00een cur\u00e2nd o reuniune \u00een formatul \u201e5+2\u201d.<\/p>\n<p>\u201eAcesta este un mecanism real de lucru, care ajut\u0103 p\u0103r\u021bile s\u0103 g\u0103seasc\u0103 solu\u021bii, s\u0103 coordoneze anumite aspecte problematice cu participarea partenerilor interna\u021bionali. Transnistria este interesat\u0103 de activitatea intens\u0103 a acestui format interna\u021bional, de discutarea ampl\u0103 a tuturor aspectelor relevante pentru agenda socio-umanitar\u0103 \u0219i economic\u0103\u201d, a spus el.<\/p>\n<p>Sursa:\u00a0<a href=\"http:\/\/www.infotag.md\/rebelion-ro\/261395\/\">http:\/\/www.infotag.md\/<\/a><\/p>\n","protected":false},"excerpt":{"rendered":"<p>\u00cen negocierile cu Moldova, Transnistria inten\u0163ioneaz\u0103 s\u0103 solu\u0163ioneze patru probleme importante, cu ajutorul mediatorilor \u0219i observatorilor, a declarat pre\u0219edintele autoproclamatei RMN, Vadim Krasnoselski, \u00een cadrul unui briefing la care a f\u0103cut bilan\u0163ul \u00eentrevederii cu reprezentantul special al Pre\u0219edin\u0163iei OSCE, Franco Frattini. Potrivit agen\u0163iei INFOTAG cu referire la site-ul liderului de la Tiraspol, este vorba de&#8230;<\/p>\n","protected":false},"author":2,"featured_media":0,"comment_status":"closed","ping_status":"open","sticky":false,"template":"","format":"standard","meta":[],"categories":[1],"tags":[],"_links":{"self":[{"href":"https:\/\/centers.ulbsibiu.ro\/ccsprise\/lact\/wp-json\/wp\/v2\/posts\/4542"}],"collection":[{"href":"https:\/\/centers.ulbsibiu.ro\/ccsprise\/lact\/wp-json\/wp\/v2\/posts"}],"about":[{"href":"https:\/\/centers.ulbsibiu.ro\/ccsprise\/lact\/wp-json\/wp\/v2\/types\/post"}],"author":[{"embeddable":true,"href":"https:\/\/centers.ulbsibiu.ro\/ccsprise\/lact\/wp-json\/wp\/v2\/users\/2"}],"replies":[{"embeddable":true,"href":"https:\/\/centers.ulbsibiu.ro\/ccsprise\/lact\/wp-json\/wp\/v2\/comments?post=4542"}],"version-history":[{"count":1,"href":"https:\/\/centers.ulbsibiu.ro\/ccsprise\/lact\/wp-json\/wp\/v2\/posts\/4542\/revisions"}],"predecessor-version":[{"id":4543,"href":"https:\/\/centers.ulbsibiu.ro\/ccsprise\/lact\/wp-json\/wp\/v2\/posts\/4542\/revisions\/4543"}],"wp:attachment":[{"href":"https:\/\/centers.ulbsibiu.ro\/ccsprise\/lact\/wp-json\/wp\/v2\/media?parent=4542"}],"wp:term":[{"taxonomy":"category","embeddable":true,"href":"https:\/\/centers.ulbsibiu.ro\/ccsprise\/lact\/wp-json\/wp\/v2\/categories?post=4542"},{"taxonomy":"post_tag","embeddable":true,"href":"https:\/\/centers.ulbsibiu.ro\/ccsprise\/lact\/wp-json\/wp\/v2\/tags?post=4542"}],"curies":[{"name":"wp","href":"https:\/\/api.w.org\/{rel}","templated":true}]}}