{"id":4538,"date":"2018-03-28T18:56:08","date_gmt":"2018-03-28T16:56:08","guid":{"rendered":"https:\/\/centers.ulbsibiu.ro\/ccsprise\/lact\/?p=4538"},"modified":"2018-03-28T18:56:08","modified_gmt":"2018-03-28T16:56:08","slug":"publika-md-franco-frattini-pacificatorii-rusi-din-transnistria-trebuie-sa-si-continue-misiunea-iar-munitiile-trebue-sa-fie-retrase","status":"publish","type":"post","link":"https:\/\/centers.ulbsibiu.ro\/ccsprise\/lact\/publika-md-franco-frattini-pacificatorii-rusi-din-transnistria-trebuie-sa-si-continue-misiunea-iar-munitiile-trebue-sa-fie-retrase\/","title":{"rendered":"Publika.md &#8211; Franco Frattini: Pacificatorii ru\u0219i din Transnistria trebuie s\u0103-\u0219i continue misiunea, iar muni\u021biile trebue s\u0103 fie retrase"},"content":{"rendered":"<p class=\"story-body__introduction\"><strong>O nou\u0103 rund\u0103 de negocieri \u00een formatul &#8220;5+2&#8221; va avea loc \u00een luna mai a acestui an,<\/strong> doar dac\u0103 ambele p\u0103r\u021bi \u2013 Chi\u0219in\u0103ul \u0219i Tiraspolul \u2013 vor avea rezultate concrete, a declarat reprezentantul special al OSCE \u00een procesul de reglementare transnistrean\u0103 la finalul vizitei de trei zile \u00een Republica Moldova. Franco Frattini a reiterat c\u0103 pacificatorii ru\u0219i din regiunea transnistrean\u0103 trebuie s\u0103-\u0219i continue misiunea, preciz\u00e2nd \u00eens\u0103 c\u0103 muni\u021biile ar trebui s\u0103 fie retrase.<\/p>\n<div class=\"articleContent\">\n<p>Dup\u0103 \u00eentrevederea cu reprezentan\u021bii politici ai Chi\u0219in\u0103ului \u0219i Tiraspolului, Franco Frattini s-a ar\u0103tat convins c\u0103 anul 2018 poate fi unul istoric pentru procesul de reglementare transnistrean\u0103. Totodat\u0103, el a spus c\u0103 \u00eent\u00e2lnirea \u00een formatul \u201e5+2\u201d, planificat\u0103 pentru luna mai la Roma, este condi\u021bionat\u0103 de rezultatele ce vor fi \u00eenregistrate de ambele p\u0103r\u021bi.<\/p>\n<p>&#8220;\u00cent\u00e2lnirea \u00een formatul &#8220;5+2&#8221;, planificat\u0103 pentru luna mai, va avea loc doar dac\u0103 vor fi rezultate exacte pe masa de negocieri. Nu va fi o \u00eent\u00e2lnire de dragul \u00eent\u00e2lnirii. Dar at\u00e2t la Chi\u0219in\u0103u c\u00e2t \u0219i la Tiraspol am primit asigur\u0103ri c\u0103 sunt posibile rezultate. Eu cred c\u0103 va fi posibil ca o rund\u0103 de negocieri, \u00een formatul &#8220;5+2&#8243;, s\u0103 aib\u0103 loc \u00een luna mai&#8221;.<\/p>\n<p><strong>Franco Frattini a reiterat c\u0103 pacificatorii ru\u0219i din regiunea transnistrean\u0103 trebuie s\u0103-\u0219i continue misiunea, pentru c\u0103 asigur\u0103 pacea \u0219i stabilitatea, iar \u00een privin\u021ba muni\u021biilor, acestea ar trebui s\u0103 fie retrase.\u00a0<\/strong><\/p>\n<p>Unii anali\u0219tii de la Chi\u0219in\u0103u, cred c\u0103 orice ar spune reprezentantul special al OSCE, este important\u0103 viziunea autorit\u0103\u021bilor din Republica Moldova asupra retragerii armatei ruse din st\u00e2nga Nistrului.<\/p>\n<p>&#8220;Mai \u00eent\u00e2i trebuie s\u0103 avem o viziune concret\u0103 \u0219i apoi s\u0103 o discut\u0103m cu partenerii interna\u021bionali. Nu trebuie s\u0103 privim declara\u021biile domnului Frattini ca un fapt \u00eemplinit, ca pe o decizie final\u0103, decizia final\u0103 va apar\u021bine autorit\u0103\u021bilor Republicii Moldova. Ceea ce se \u00eent\u00e2mpl\u0103 \u00een prezent seam\u0103n\u0103 izbitor seam\u0103n\u0103 cu \u00eencerc\u0103rile de la \u00eenceputul anilor 2000, de a se ajunge la o federalizare a Republicii Moldova, credeam c\u0103 am dep\u0103\u0219it acel moment critic(&#8230;) Indiferent de modul \u00een care este perceput\u0103 problema transnistrean\u0103 \u00een societate, statul \u0219i institu\u021biile sale are obliga\u021bia s\u0103 urm\u0103reasc\u0103 interesul cet\u0103\u021benilor Republicii Moldova \u0219i primul interes este ca acest regim s\u0103 nu se \u00eent\u0103reasc\u0103 \u0219i s\u0103 nu produc\u0103 efecte negative asupra teritoriului din dreapta Nistrului&#8221;, a declarat comentatorul politic, Vlad \u021aurcanu.<\/p>\n<p><strong>Amintim c\u0103 la Chi\u0219in\u0103u, Franco Frattini a avut \u00eentrevederi cu pre\u0219edintele Igor Dodon, premierul Pavel Filip, vicepremierul pentru reintegrare Cristina Lesnic \u0219i liderul <a href=\"http:\/\/www.pdm.md\/ro\/\" target=\"_blank\" rel=\"noopener\">PDM<\/a> <a href=\"http:\/\/www.plahotniuc.md\/\" target=\"_blank\" rel=\"noopener\">Vlad Plahotniuc<\/a>. La Tiraspol, el s-a \u00eent\u00e2lnit cu liderul separatist transnistrean Vadim Krasnoselski \u0219i cu reprezentantul politic la negocieri Vitali Ignatiev.<\/strong><\/p>\n<\/div>\n<p>Cite\u0219te mai mult: <a href=\"https:\/\/www.publika.md\/franco-frattini-pacificatorii-rusi-din-transnistria-trebuie-sa-si-continue-misiunea-iar-munitiile-trebue-sa-fie-retrase_3000414.html#ixzz5B3zseGNk\">https:\/\/www.publika.md\/franco-frattini-pacificatorii-rusi-din-transnistria-trebuie-sa-si-continue-misiunea-iar-munitiile-trebue-sa-fie-retrase_3000414.html#ixzz5B3zseGNk<\/a><\/p>\n","protected":false},"excerpt":{"rendered":"<p>O nou\u0103 rund\u0103 de negocieri \u00een formatul &#8220;5+2&#8221; va avea loc \u00een luna mai a acestui an, doar dac\u0103 ambele p\u0103r\u021bi \u2013 Chi\u0219in\u0103ul \u0219i Tiraspolul \u2013 vor avea rezultate concrete, a declarat reprezentantul special al OSCE \u00een procesul de reglementare transnistrean\u0103 la finalul vizitei de trei zile \u00een Republica Moldova. Franco Frattini a reiterat c\u0103&#8230;<\/p>\n","protected":false},"author":2,"featured_media":0,"comment_status":"closed","ping_status":"open","sticky":false,"template":"","format":"standard","meta":[],"categories":[1],"tags":[],"_links":{"self":[{"href":"https:\/\/centers.ulbsibiu.ro\/ccsprise\/lact\/wp-json\/wp\/v2\/posts\/4538"}],"collection":[{"href":"https:\/\/centers.ulbsibiu.ro\/ccsprise\/lact\/wp-json\/wp\/v2\/posts"}],"about":[{"href":"https:\/\/centers.ulbsibiu.ro\/ccsprise\/lact\/wp-json\/wp\/v2\/types\/post"}],"author":[{"embeddable":true,"href":"https:\/\/centers.ulbsibiu.ro\/ccsprise\/lact\/wp-json\/wp\/v2\/users\/2"}],"replies":[{"embeddable":true,"href":"https:\/\/centers.ulbsibiu.ro\/ccsprise\/lact\/wp-json\/wp\/v2\/comments?post=4538"}],"version-history":[{"count":1,"href":"https:\/\/centers.ulbsibiu.ro\/ccsprise\/lact\/wp-json\/wp\/v2\/posts\/4538\/revisions"}],"predecessor-version":[{"id":4539,"href":"https:\/\/centers.ulbsibiu.ro\/ccsprise\/lact\/wp-json\/wp\/v2\/posts\/4538\/revisions\/4539"}],"wp:attachment":[{"href":"https:\/\/centers.ulbsibiu.ro\/ccsprise\/lact\/wp-json\/wp\/v2\/media?parent=4538"}],"wp:term":[{"taxonomy":"category","embeddable":true,"href":"https:\/\/centers.ulbsibiu.ro\/ccsprise\/lact\/wp-json\/wp\/v2\/categories?post=4538"},{"taxonomy":"post_tag","embeddable":true,"href":"https:\/\/centers.ulbsibiu.ro\/ccsprise\/lact\/wp-json\/wp\/v2\/tags?post=4538"}],"curies":[{"name":"wp","href":"https:\/\/api.w.org\/{rel}","templated":true}]}}