{"id":4534,"date":"2018-03-28T07:06:37","date_gmt":"2018-03-28T05:06:37","guid":{"rendered":"https:\/\/centers.ulbsibiu.ro\/ccsprise\/lact\/?p=4534"},"modified":"2018-03-28T07:06:37","modified_gmt":"2018-03-28T05:06:37","slug":"sputnik-md-frattini-despre-misiunea-de-mentinere-a-pacii-in-regiunea-transnistreana","status":"publish","type":"post","link":"https:\/\/centers.ulbsibiu.ro\/ccsprise\/lact\/sputnik-md-frattini-despre-misiunea-de-mentinere-a-pacii-in-regiunea-transnistreana\/","title":{"rendered":"Sputnik.md &#8211; Frattini, despre misiunea de men\u021binere a p\u0103cii \u00een regiunea transnistrean\u0103"},"content":{"rendered":"<div>\n<p>Reprezentantul special al pre\u0219edintelui \u00een exerci\u021biu a OSCE pentru procesul de reglementare transnistrean\u0103, Franco Frattini, a avut \u00eentrevederi cu reprezentan\u021bii regiunii transnistrene.<\/p>\n<\/div>\n<div>\n<p>CHI\u0218IN\u0102U, 27 mart\u00a0\u2014 Sputnik, Irina Leahova. OSCE nu va cere evacuarea trupelor ruse de men\u021binere a p\u0103cii din regiunea transnistrean\u0103. Declara\u021bia a fost f\u0103cut\u0103 pentru pres\u0103 de reprezentantul special al pre\u0219edintelui \u00een exerci\u021biu a OSCE pentru procesul de reglementare transnistrean\u0103, Franco Frattini, dup\u0103 \u00eentrevederea pe care a avut-o cu \u0219eful diploma\u021biei transnistrene, Vitalie Ignatiev.<\/p>\n<\/div>\n<p>&#8220;La Chi\u0219in\u0103u am abordat problema muni\u021biilor ruse\u0219ti \u0219i cea a for\u021belor ruse\u0219ti. Dar nu am vorbit despre evacuarea misiunii de men\u021binere a p\u0103cii din Transnistria. \u0218i faptul c\u0103 OSCE niciodat\u0103 nu a abordat acest subiect este confirmat de faptul c\u0103 s\u0103pt\u0103m\u00e2na trecut\u0103 noi am transmis utilaj pentru a intensifica func\u021bionalitatea acestei misiuni&#8221;, a men\u021bionat Frattini.<\/p>\n<p>Amintim c\u0103 Misiunea OSCE \u00een republica Moldova a transmis acest utilaj la solicitarea Comisiei Unificate de Control.<\/p>\n<p>Vitalie Ignatiev i-a mul\u021bumit lui Frattini pentru sprijinul acordat misiunii de men\u021binere a p\u0103cii.<\/p>\n<p>&#8220;Misiunea de men\u021binere a p\u0103cii este garan\u021bia p\u0103cii \u00een regiunii \u0219i creeaz\u0103 premise pentru purtarea negocierilor pa\u0219nice politice, pe care ast\u0103zi le avem ast\u0103zi \u00een probleme umanitare \u0219i sociale. Sper c\u0103 \u0219i pe viitor vom lucra de aceast\u0103 manier\u0103 constructiv\u0103&#8221;, a spus diplomatul.<\/p>\n<p>\u0218eful diploma\u021biei transnistrene, Vitalie Ignatiev, l-a invitat pe reprezentantul special al pre\u0219edintelui \u00een exerci\u021biu a OSCE pentru procesul de reglementare transnistrean\u0103, Franco Frattini, s\u0103 revin\u0103 \u00een Transnistria \u00een cadrul unei vizite oficiale de lucru, ca s\u0103 cunoasc\u0103 mai bine regiunea \u0219i pe locuitorii ei.<\/p>\n<p>Read more: <a href=\"https:\/\/sputnik.md\/politics\/20180327\/18140383\/frattini-misiunea-mentinere-pacii-regiunea-transnistreana.html\">https:\/\/sputnik.md\/politics\/20180327\/18140383\/frattini-misiunea-mentinere-pacii-regiunea-transnistreana.html<\/a><\/p>\n","protected":false},"excerpt":{"rendered":"<p>Reprezentantul special al pre\u0219edintelui \u00een exerci\u021biu a OSCE pentru procesul de reglementare transnistrean\u0103, Franco Frattini, a avut \u00eentrevederi cu reprezentan\u021bii regiunii transnistrene. CHI\u0218IN\u0102U, 27 mart\u00a0\u2014 Sputnik, Irina Leahova. OSCE nu va cere evacuarea trupelor ruse de men\u021binere a p\u0103cii din regiunea transnistrean\u0103. Declara\u021bia a fost f\u0103cut\u0103 pentru pres\u0103 de reprezentantul special al pre\u0219edintelui \u00een exerci\u021biu&#8230;<\/p>\n","protected":false},"author":2,"featured_media":0,"comment_status":"closed","ping_status":"open","sticky":false,"template":"","format":"standard","meta":[],"categories":[1],"tags":[],"_links":{"self":[{"href":"https:\/\/centers.ulbsibiu.ro\/ccsprise\/lact\/wp-json\/wp\/v2\/posts\/4534"}],"collection":[{"href":"https:\/\/centers.ulbsibiu.ro\/ccsprise\/lact\/wp-json\/wp\/v2\/posts"}],"about":[{"href":"https:\/\/centers.ulbsibiu.ro\/ccsprise\/lact\/wp-json\/wp\/v2\/types\/post"}],"author":[{"embeddable":true,"href":"https:\/\/centers.ulbsibiu.ro\/ccsprise\/lact\/wp-json\/wp\/v2\/users\/2"}],"replies":[{"embeddable":true,"href":"https:\/\/centers.ulbsibiu.ro\/ccsprise\/lact\/wp-json\/wp\/v2\/comments?post=4534"}],"version-history":[{"count":1,"href":"https:\/\/centers.ulbsibiu.ro\/ccsprise\/lact\/wp-json\/wp\/v2\/posts\/4534\/revisions"}],"predecessor-version":[{"id":4535,"href":"https:\/\/centers.ulbsibiu.ro\/ccsprise\/lact\/wp-json\/wp\/v2\/posts\/4534\/revisions\/4535"}],"wp:attachment":[{"href":"https:\/\/centers.ulbsibiu.ro\/ccsprise\/lact\/wp-json\/wp\/v2\/media?parent=4534"}],"wp:term":[{"taxonomy":"category","embeddable":true,"href":"https:\/\/centers.ulbsibiu.ro\/ccsprise\/lact\/wp-json\/wp\/v2\/categories?post=4534"},{"taxonomy":"post_tag","embeddable":true,"href":"https:\/\/centers.ulbsibiu.ro\/ccsprise\/lact\/wp-json\/wp\/v2\/tags?post=4534"}],"curies":[{"name":"wp","href":"https:\/\/api.w.org\/{rel}","templated":true}]}}