{"id":4528,"date":"2018-03-27T16:41:22","date_gmt":"2018-03-27T14:41:22","guid":{"rendered":"https:\/\/centers.ulbsibiu.ro\/ccsprise\/lact\/?p=4528"},"modified":"2018-03-27T16:41:22","modified_gmt":"2018-03-27T14:41:22","slug":"gov-md-intrevederea-viceprim-ministrului-cristina-lesnic-cu-reprezentantul-special-al-presedintiei-in-exercitiu-a-osce-pentru-reglementarea-transnistreana-franco-frattini","status":"publish","type":"post","link":"https:\/\/centers.ulbsibiu.ro\/ccsprise\/lact\/gov-md-intrevederea-viceprim-ministrului-cristina-lesnic-cu-reprezentantul-special-al-presedintiei-in-exercitiu-a-osce-pentru-reglementarea-transnistreana-franco-frattini\/","title":{"rendered":"Gov.md &#8211; \u00centrevederea Viceprim-ministrului Cristina Lesnic cu Reprezentantul special al Pre\u015fedin\u0163iei \u00een exerci\u0163iu a OSCE pentru reglementarea transnistrean\u0103 Franco Frattini"},"content":{"rendered":"<p>Viceprim<strong>&#8211;<\/strong>ministrul Cristina Lesnic s<strong>&#8211;<\/strong>a \u00eent\u00e2lnit ast\u0103zi cu Reprezentantul special al Pre\u015fedin\u0163iei \u00een exerci\u0163iu a OSCE pentru reglementarea transnistrean\u0103 Franco Frattini. La \u00eentrevedere au participat \u015eeful Misiunii OSCE \u00een Moldova Michael Scanlan, Ministrul Plenipoten\u021biar din cadrul Direc\u021biei Generale Afaceri Politice \u0219i Securitate a Ministerului Afacerilor Externe al Italiei Alfredo Conte \u0219i Ambasadoarea Italiei \u00een Republica Moldova Valeria Biagiotti.<\/p>\n<p><img loading=\"lazy\" class=\"aligncenter size-large wp-image-4529\" src=\"https:\/\/centers.ulbsibiu.ro\/ccsprise\/lact\/wp-content\/uploads\/2018\/03\/lesnic-1-1024x683.jpg\" alt=\"\" width=\"1024\" height=\"683\" srcset=\"https:\/\/centers.ulbsibiu.ro\/ccsprise\/lact\/wp-content\/uploads\/2018\/03\/lesnic-1-1024x683.jpg 1024w, https:\/\/centers.ulbsibiu.ro\/ccsprise\/lact\/wp-content\/uploads\/2018\/03\/lesnic-1-300x200.jpg 300w, https:\/\/centers.ulbsibiu.ro\/ccsprise\/lact\/wp-content\/uploads\/2018\/03\/lesnic-1-768x512.jpg 768w, https:\/\/centers.ulbsibiu.ro\/ccsprise\/lact\/wp-content\/uploads\/2018\/03\/lesnic-1.jpg 1600w\" sizes=\"(max-width: 1024px) 100vw, 1024px\" \/><\/p>\n<p>\u00cen cadrul \u00eentrevederii au fost discutate progresele \u00eenregistrate \u00een realizarea celor 8 subiecte ce figureaz\u0103 \u00een a\u0219a-numitul pachet \u201eBerlin plus\u201d, \u015fi anume:<\/p>\n<p>1)\u00a0Apostilarea actelor de studii din Transnistria.<\/p>\n<p>2)\u00a0Solu\u0163ionarea dificult\u0103\u021bilor \u00eent\u00e2mpinate de \u015fcolile moldovene\u015fti cu predare \u00een grafia latin\u0103.<\/p>\n<p>3) Deschiderea podului dintre localit\u0103\u021bile Gura B\u00e2cului \u0219i B\u00e2cioc.<\/p>\n<p>4) Asigurarea accesului fermierilor din r-nul Dub\u0103sari la terenurile agricole aflate dup\u0103 traseul Camenca \u2013Tiraspol.<\/p>\n<p>5) Organizarea interac\u021biunii \u00een domeniul telecomunica\u021biilor.<\/p>\n<p>6) Problema autovehiculelor cu pl\u0103ci din Transnistria.<\/p>\n<p>7) Eliminarea barierelor artificiale \u00een calea liberei circula\u0163ii.<\/p>\n<p>8) Situa\u0163ia cauzelor penale intentate pe ambele maluri ale Nistrului<\/p>\n<p>S-a specificat faptul c\u0103 gra\u021bie voin\u021bei politice a p\u0103r\u021bilor pe parcursul lunii noiembrie 2017 s-a reu\u0219it semnarea unor decizii protocolare pe marginea primelor 5 subiecte men\u021bionate supra, iar perioada urm\u0103toare a fost dedicat\u0103 fazei de implementare a \u00een\u021belegerilor convenite \u0219i identific\u0103rii unor solu\u021bii viabile la celelalte 3 subiecte prioritare de pe agenda negocierilor.<\/p>\n<p><img loading=\"lazy\" class=\"aligncenter size-large wp-image-4530\" src=\"https:\/\/centers.ulbsibiu.ro\/ccsprise\/lact\/wp-content\/uploads\/2018\/03\/all-1024x683.jpg\" alt=\"\" width=\"1024\" height=\"683\" srcset=\"https:\/\/centers.ulbsibiu.ro\/ccsprise\/lact\/wp-content\/uploads\/2018\/03\/all-1024x683.jpg 1024w, https:\/\/centers.ulbsibiu.ro\/ccsprise\/lact\/wp-content\/uploads\/2018\/03\/all-300x200.jpg 300w, https:\/\/centers.ulbsibiu.ro\/ccsprise\/lact\/wp-content\/uploads\/2018\/03\/all-768x512.jpg 768w, https:\/\/centers.ulbsibiu.ro\/ccsprise\/lact\/wp-content\/uploads\/2018\/03\/all.jpg 1600w\" sizes=\"(max-width: 1024px) 100vw, 1024px\" \/><\/p>\n<p>Referitor la subiectul apostilei s-a precizat c\u0103 mecanismul convenit este pe deplin func\u021bional, iar \u00eencep\u00e2nd cu data de 20 martie curent Ministerul Justi\u021biei recep\u021bioneaz\u0103 cereri \u0219i seturi documentare \u00eenso\u021bitoare \u0219i aplic\u0103 apostila pe diplomele de model neutru emise de Universitatea \u201cTaras \u0218evcenco\u201d din Tiraspol.<\/p>\n<p>Pe tema \u0219colilor cu predare \u00een grafia latin\u0103 s-a punctat c\u0103 de\u0219i au fost semnate contractele de loca\u021biune conform \u00een\u021belegerilor agreate, urmeaz\u0103 a fi rezolvate \u0219i aspectele ce \u021bin de asigurarea circula\u021biei nestingherite a elevilor\/ profesorilor\/ materialelor didactice f\u0103r\u0103 aplicarea regimurilor de notificare prealabil\u0103.<\/p>\n<p>Vizavi de podul de la Gura B\u00e2cului \u2013 B\u00e2cioc s-a atras aten\u021bia asupra indispensabilit\u0103\u021bii de a fi asigurat\u0103 libera circula\u021bie pentru locuitorii \u0219i autovehiculele de pe ambele maluri ale Nistrului \u0219i de a fi exclus\u0103 instalarea unor pretinse terminale vamale neautorizate \u00een s.B\u00e2cioc.<\/p>\n<p>La problema terenurilor arabile din r-nul Dub\u0103sari s-a semnalat c\u0103 restabilirea accesului pentru fermierii moldoveni urmeaz\u0103 s\u0103 se desf\u0103\u0219oare necondi\u021bionat \u0219i \u00een perioade de timp nelimitate, cu urgentarea proceselor de c\u0103tre partea transnistrean\u0103 \u0219i solu\u021bionarea problemei persoanelor decedate, celor plecate peste hotarele \u021b\u0103rii, precum \u0219i pentru terenurile aflate \u00een proprietatea prim\u0103riilor.<\/p>\n<p>Cu privire la sfera telecomunica\u021biilor s-a notificat c\u0103 \u00een vederea agre\u0103rii unui mecanism de realizare a Deciziei protocolare din 25.11.2017 se desf\u0103\u0219oar\u0103 consult\u0103ri constante \u0219i multilaterale, inclusiv \u00een cadrul grupurilor de lucru sectoriale, cu implicarea operatorilor de telefonie, membrilor responsabili din Guvern, Misiunii OSCE \u00een Moldova \u0219i a ambasadorilor Suediei \u0219i Fran\u021bei \u00een Republica Moldova.<\/p>\n<p>S-a remarcat c\u0103 pentru identificarea unui poten\u021bial mecanism de asigurare a accesului autovehiculelor din Transnistria \u00een traficul rutier interna\u021bional de la \u00eenceputul anului 2018 p\u00e2n\u0103 \u00een prezent au avut loc consult\u0103ri \u00een cadrul a 12 \u0219edin\u021be ale grupurilor de lucru pentru dezvoltarea transportului auto \u0219i infrastructurii drumurilor, inclusiv, 7 \u0219edin\u021be cu participarea reprezentan\u021bilor politici, iar dat\u0103 fiind complexitatea aspectelor politico-juridice \u0219i necesitatea determin\u0103rii unui mecanism func\u021bional dialogul la nivelul exper\u021bilor de pe ambele maluri ale Nistrului este unul regulat.<\/p>\n<p>Asigurarea liberei circula\u021bii \u00eentre maluri \u0219i eliminarea tuturor obstacolelor nejustificate au fost declarate ca fiind priorit\u0103\u021bi permanente ce urmeaz\u0103 s\u0103 fie implementate \u00een corespundere cu prevederile Acordului din 21.07.1992 cu privire la principiile reglement\u0103rii pa\u015fnice a conflictului armat din zona transnistrean\u0103 a Republicii Moldova \u0219i ale Deciziei protocolare din 27.02.2014 privind anumite aspecte ale libert\u0103\u0163ii de circula\u0163ie a popula\u021biei.<\/p>\n<p>\u00cen partea ce \u021bine de fenomenul acuza\u021biilor penale s-a eviden\u021biat c\u0103 se impune tratarea diferen\u021biat\u0103 a problemei, cu abordarea specific\u0103 a dosarelor referitoare la infrac\u021biunile de drept comun \u0219i a celor intentate \u00een privin\u021ba oficialilor de pe cele dou\u0103 maluri ale Nistrului.<\/p>\n<p>Pe l\u00e2ng\u0103 cele 8 subiecte descrise, Vicepremierul Cristina Lesnic a subliniat alte 2 priorit\u0103\u021bi referitoare la:<\/p>\n<p>1) Acordarea unei aten\u021bii sporite situa\u021biei din Zona de Securitate, cu men\u021binerea stabilit\u0103\u021bii, respectarea regimului existent \u00een perimetrul acesteia \u0219i asigurarea func\u021bionalit\u0103\u021bii Comisiei Unificate de Control.<\/p>\n<p>2) Situa\u021bia privind respectarea drepturilor omului \u00een Transnistria.<\/p>\n<p>S-a exprimat deplina deschidere \u0219i existen\u021ba unei voin\u021be politice din partea Chi\u0219in\u0103ului pentru a se ob\u021bine rezolvarea celor trei subiecte restante din pachetul \u201eBerlin plus\u201d \u00een interesul popula\u021biei de pe ambele maluri ale Nistrului \u0219i astfel a fi create premisele necesare \u00een vederea organiz\u0103rii \u00een perioada imediat apropiat\u0103 a unei noi reuniuni oficiale \u00een formatul de negocieri \u201e5+2\u201d.<\/p>\n<p>De asemenea, a fost men\u021bionat\u0103 necesitatea avans\u0103rii \u00een cadrul procesului de reglementare cu identificarea unui statut juridic special pentru Transnistria, care s\u0103 respecte suveranitatea \u0219i integritatea teritorial\u0103 a Republicii Moldova.<\/p>\n<p>Dup\u0103 cum s-a convenit, la finele \u00eentrevederii oficialii au sus\u021binut o conferin\u021b\u0103 de pres\u0103, \u00een cadrul c\u0103reia au r\u0103spuns la \u00eentreb\u0103rile formulate de c\u0103tre reprezentan\u021bii institu\u021biilor mass-media.<\/p>\n<p>Sursa:\u00a0<a href=\"http:\/\/gov.md\/ro\/content\/intrevederea-viceprim-ministrului-cristina-lesnic-cu-reprezentantul-special-al-presedintiei\">http:\/\/gov.md\/<\/a><\/p>\n","protected":false},"excerpt":{"rendered":"<p>Viceprim&#8211;ministrul Cristina Lesnic s&#8211;a \u00eent\u00e2lnit ast\u0103zi cu Reprezentantul special al Pre\u015fedin\u0163iei \u00een exerci\u0163iu a OSCE pentru reglementarea transnistrean\u0103 Franco Frattini. La \u00eentrevedere au participat \u015eeful Misiunii OSCE \u00een Moldova Michael Scanlan, Ministrul Plenipoten\u021biar din cadrul Direc\u021biei Generale Afaceri Politice \u0219i Securitate a Ministerului Afacerilor Externe al Italiei Alfredo Conte \u0219i Ambasadoarea Italiei \u00een Republica Moldova&#8230;<\/p>\n","protected":false},"author":2,"featured_media":0,"comment_status":"closed","ping_status":"open","sticky":false,"template":"","format":"standard","meta":[],"categories":[1],"tags":[],"_links":{"self":[{"href":"https:\/\/centers.ulbsibiu.ro\/ccsprise\/lact\/wp-json\/wp\/v2\/posts\/4528"}],"collection":[{"href":"https:\/\/centers.ulbsibiu.ro\/ccsprise\/lact\/wp-json\/wp\/v2\/posts"}],"about":[{"href":"https:\/\/centers.ulbsibiu.ro\/ccsprise\/lact\/wp-json\/wp\/v2\/types\/post"}],"author":[{"embeddable":true,"href":"https:\/\/centers.ulbsibiu.ro\/ccsprise\/lact\/wp-json\/wp\/v2\/users\/2"}],"replies":[{"embeddable":true,"href":"https:\/\/centers.ulbsibiu.ro\/ccsprise\/lact\/wp-json\/wp\/v2\/comments?post=4528"}],"version-history":[{"count":1,"href":"https:\/\/centers.ulbsibiu.ro\/ccsprise\/lact\/wp-json\/wp\/v2\/posts\/4528\/revisions"}],"predecessor-version":[{"id":4531,"href":"https:\/\/centers.ulbsibiu.ro\/ccsprise\/lact\/wp-json\/wp\/v2\/posts\/4528\/revisions\/4531"}],"wp:attachment":[{"href":"https:\/\/centers.ulbsibiu.ro\/ccsprise\/lact\/wp-json\/wp\/v2\/media?parent=4528"}],"wp:term":[{"taxonomy":"category","embeddable":true,"href":"https:\/\/centers.ulbsibiu.ro\/ccsprise\/lact\/wp-json\/wp\/v2\/categories?post=4528"},{"taxonomy":"post_tag","embeddable":true,"href":"https:\/\/centers.ulbsibiu.ro\/ccsprise\/lact\/wp-json\/wp\/v2\/tags?post=4528"}],"curies":[{"name":"wp","href":"https:\/\/api.w.org\/{rel}","templated":true}]}}