{"id":4526,"date":"2018-03-27T16:33:45","date_gmt":"2018-03-27T14:33:45","guid":{"rendered":"https:\/\/centers.ulbsibiu.ro\/ccsprise\/lact\/?p=4526"},"modified":"2020-06-12T15:39:42","modified_gmt":"2020-06-12T13:39:42","slug":"europalibera-org-ion-manole-ignorarea-societatii-civile-si-a-consultarilor-de-catre-osce-este-un-gest-gresit","status":"publish","type":"post","link":"https:\/\/centers.ulbsibiu.ro\/ccsprise\/lact\/europalibera-org-ion-manole-ignorarea-societatii-civile-si-a-consultarilor-de-catre-osce-este-un-gest-gresit\/","title":{"rendered":"Europalibera.org &#8211; Ion Manole: \u201eIgnorarea societ\u0103\u021bii civile \u0219i a consult\u0103rilor de c\u0103tre OSCE este un gest gre\u0219it\u201d"},"content":{"rendered":"<p><a title=\"Alexandru Can\u021b\u00eer\" href=\"https:\/\/www.europalibera.org\/author\/21777.html\">Alexandru Can\u021b\u00eer<\/a><\/p>\n<p><a title=\"Alla Ceapai\" href=\"https:\/\/www.europalibera.org\/author\/91428.html\">Alla Ceapai<\/a><\/p>\n<div class=\"intro content-offset\">\n<p>Interviul dimine\u021bii cu directorul executiv al asocia\u021biei Promo-LEX pe tema criticilor la adresa lipsei de transparen\u021b\u0103 a OSCE \u00een tratarea chestiunii transnistrene.<\/p>\n<\/div>\n<div>\n<div class=\"wsw\">\n<p><em>Reprezentantul special al pre\u0219edin\u021biei \u00een exerci\u021biu a OSCE pentru procesul de reglementare a conflictului transnistrean, Franco Frattini, se afl\u0103 \u00een vizit\u0103 la Chi\u0219in\u0103u unde criticile la adresa sa pentru felul \u00een care vedere realitatea din regiune sunt mai multe dec\u00e2t a\u0219tept\u0103rile. Dar nu numai dl Frattini, ci \u0219i, \u00een general, organiza\u021bia pe care o reprezint\u0103 &#8211; Organiza\u021bia pentru Securitate \u0219i Cooperare \u00een Europa (OSCE) \u2013 este \u021binta unor critici. Vom vorbi ast\u0103zi cu Ion Manole, directorul executiv al asocia\u021biei Promo-LEX, asocia\u021bie care repro\u0219eaz\u0103 OSCE lips\u0103 de transparen\u021b\u0103 \u0219i nesocotirea problematicii drepturilor omului \u00een autoproclamata Republic\u0103 Moldoveneasc\u0103 Nistrean\u0103<\/em>.<\/p>\n<p><strong>Europa Liber\u0103:<\/strong> <strong>Asocia\u021bia Promo-Lex a formulat \u00eentr-un apel c\u0103tre Franco Frattini critici grele fa\u021b\u0103 de ceea considera\u021bi c\u0103 este lips\u0103 de transparen\u021b\u0103 \u00een activitatea OSCE \u0219i nesocotire a problematicii drepturilor omului \u00een regiunea transnistrean\u0103 pe parcursul mult prea \u00eendelungatelor negocieri privind reglementarea conflictului transnistrean. Sunt \u015fi alte observa\u0163ii \u015fi solicit\u0103ri la adresa domnului Frattini. Ce a cauzat, de fapt, aceste critici?<\/strong><\/p>\n<p><strong>Ion Manole:<\/strong> \u201eNu sunt dac\u0103 sunt at\u00e2t de grele pentru c\u0103 imediat dup\u0103 lansarea acestui apel unii colegi din societatea civil\u0103 au zis c\u0103 este prea bl\u00e2nd. Noi am vrut prin acest document s\u0103 reamintim \u00eenc\u0103 o dat\u0103 Organiza\u021biei pentru Securitate \u0219i Cooperare \u00een Europa c\u0103 rolul lor \u015fi misiunea lor \u00een R. Moldova sunt foarte importante at\u00e2t \u00een men\u0163inerea p\u0103cii, c\u00e2t \u015fi \u00een prevenirea unor conflicte. Din perspectiva noastr\u0103, lipsa justi\u021biei, lipsa unor garan\u021bii minime pentru drepturile omului nu pot asigura o pace durabil\u0103.<\/p>\n<p>Iat\u0103 de ce noi vom continua s\u0103 opt\u0103m pentru, dup\u0103 cum spuneam, un set minim de drepturi asigurate pentru locuitorii din st\u00e2nga Nistrului pentru c\u0103 at\u00e2t Conven\u021bia European\u0103, c\u00e2t \u015fi Declara\u0163ia Universal\u0103 a drepturilor omului spune c\u0103 orice fiin\u0163\u0103 se na\u015fte cu drepturi \u015fi nou \u015ftim c\u0103 \u00een aceast\u0103 regiune avem circa o jum\u0103tate de milion de oameni care evident trebuie s\u0103 aib\u0103 drepturi. De fiecare dat\u0103 repet c\u0103 drepturile omului se \u00eencalc\u0103 practic oriunde, peste tot \u015fi atunci pentru noi, organiza\u0163iile, activi\u015ftii, avoca\u0163ii care ap\u0103r\u0103 drepturile omului este foarte important s\u0103 existe ni\u015fte instrumente sau mecanisme eficiente prin care abuzurile sau \u00eenc\u0103lc\u0103rile pot fi remediate sau prin care pot fi ap\u0103ra\u021bi oamenii atunci c\u00e2nd sunt supu\u0219i unor astfel de abuzuri.<\/p>\n<p>Pe parcursul anilor am \u00eencercat, inclusiv prin intermediul a organiza\u0163iilor interna\u0163ionale cu sediul la Chi\u015fin\u0103u, s\u0103 atragem aten\u0163ia asupra acestei probleme. Le-am cerut s\u0103 includ\u0103 la masa de negocieri subiectele ce \u0163in de drepturile omului sau mai degrab\u0103 spus lipsa unor garan\u0163ii minime pentru oamenii de acolo.\u201d<\/p>\n<p>Interviul integral:\u00a0<a href=\"https:\/\/www.europalibera.org\/a\/interviul-diminetii-ion-manole\/29125979.html\">https:\/\/www.europalibera.org\/<\/a><\/p>\n<\/div>\n<\/div>\n","protected":false},"excerpt":{"rendered":"<p>Alexandru Can\u021b\u00eer Alla Ceapai Interviul dimine\u021bii cu directorul executiv al asocia\u021biei Promo-LEX pe tema criticilor la adresa lipsei de transparen\u021b\u0103 a OSCE \u00een tratarea chestiunii transnistrene. Reprezentantul special al pre\u0219edin\u021biei \u00een exerci\u021biu a OSCE pentru procesul de reglementare a conflictului transnistrean, Franco Frattini, se afl\u0103 \u00een vizit\u0103 la Chi\u0219in\u0103u unde criticile la adresa sa pentru&#8230;<\/p>\n","protected":false},"author":2,"featured_media":0,"comment_status":"closed","ping_status":"open","sticky":false,"template":"","format":"standard","meta":[],"categories":[1],"tags":[],"_links":{"self":[{"href":"https:\/\/centers.ulbsibiu.ro\/ccsprise\/lact\/wp-json\/wp\/v2\/posts\/4526"}],"collection":[{"href":"https:\/\/centers.ulbsibiu.ro\/ccsprise\/lact\/wp-json\/wp\/v2\/posts"}],"about":[{"href":"https:\/\/centers.ulbsibiu.ro\/ccsprise\/lact\/wp-json\/wp\/v2\/types\/post"}],"author":[{"embeddable":true,"href":"https:\/\/centers.ulbsibiu.ro\/ccsprise\/lact\/wp-json\/wp\/v2\/users\/2"}],"replies":[{"embeddable":true,"href":"https:\/\/centers.ulbsibiu.ro\/ccsprise\/lact\/wp-json\/wp\/v2\/comments?post=4526"}],"version-history":[{"count":1,"href":"https:\/\/centers.ulbsibiu.ro\/ccsprise\/lact\/wp-json\/wp\/v2\/posts\/4526\/revisions"}],"predecessor-version":[{"id":4527,"href":"https:\/\/centers.ulbsibiu.ro\/ccsprise\/lact\/wp-json\/wp\/v2\/posts\/4526\/revisions\/4527"}],"wp:attachment":[{"href":"https:\/\/centers.ulbsibiu.ro\/ccsprise\/lact\/wp-json\/wp\/v2\/media?parent=4526"}],"wp:term":[{"taxonomy":"category","embeddable":true,"href":"https:\/\/centers.ulbsibiu.ro\/ccsprise\/lact\/wp-json\/wp\/v2\/categories?post=4526"},{"taxonomy":"post_tag","embeddable":true,"href":"https:\/\/centers.ulbsibiu.ro\/ccsprise\/lact\/wp-json\/wp\/v2\/tags?post=4526"}],"curies":[{"name":"wp","href":"https:\/\/api.w.org\/{rel}","templated":true}]}}