{"id":4523,"date":"2018-03-27T16:30:42","date_gmt":"2018-03-27T14:30:42","guid":{"rendered":"https:\/\/centers.ulbsibiu.ro\/ccsprise\/lact\/?p=4523"},"modified":"2020-06-12T18:47:49","modified_gmt":"2020-06-12T16:47:49","slug":"adevarul-ro-expert-este-putin-probabil-sa-se-ajunga-la-un-compromis-in-dosarul-transnistrean","status":"publish","type":"post","link":"https:\/\/centers.ulbsibiu.ro\/ccsprise\/lact\/adevarul-ro-expert-este-putin-probabil-sa-se-ajunga-la-un-compromis-in-dosarul-transnistrean\/","title":{"rendered":"Adevarul.ro &#8211; Expert: Este pu\u0163in probabil s\u0103 se ajung\u0103 la un compromis \u00een dosarul transnistrean"},"content":{"rendered":"<p><span class=\"desc\">de <\/span><span class=\"a-name\"><a href=\"http:\/\/adevarul.ro\/profil\/5_5736d6985ab6550cb8ed02ef\" rel=\"author\">Iurii Botnarenco<\/a><\/span><\/p>\n<p>Directoarea executiv\u0103 a Asocia\u0163iei pentru Politic\u0103 Extern\u0103, Victoria Buc\u0103taru, consider\u0103 c\u0103 \u00een prezent exist\u0103 mai multe riscuri dec\u00e2t posibilit\u0103\u0163i de a reglementa conflictul transnistrean \u00een favoarea Republicii Moldova.<\/p>\n<div>\n<p>\u00cen opinia sa, at\u00e2t timp c\u00e2t nu se discut\u0103 foarte clar \u015fi transparent despre acele \u00een\u0163elegeri politice, fie c\u0103 este vorba la nivel na\u0163ional sau la nivel interna\u0163ional, c\u00e2t \u015fi \u00een\u0163elegeri de securitate, Republica Moldova se afl\u0103 \u00eentr-o situa\u0163ie defavorizat\u0103. \u00centr-un interviu pentru Radio Europa Liber\u0103, citat de IPN, Victoria Buc\u0103taru, a spus c\u0103 este pu\u0163in probabil s\u0103 se ajung\u0103 la un compromis \u00een dosarul transnistrean.<\/p>\n<p>\u201eDin p\u0103cate, nu s-a ajuns la un rezultat viabil \u015fi \u00een prezent nu avem niciun indiciu c\u0103 conflictul ar putea fi solu\u0163ionat. Din aceast\u0103 cauz\u0103, probabil, ar trebui s\u0103 ne punem \u00eentrebarea dac\u0103 formatul \u201e5+2\u201d ar trebui modificat sau nu. \u015ei poate ar fi bine s\u0103 \u00eencerc\u0103m s\u0103 vedem care sunt premisele \u015fi dac\u0103 corect au fost interpretate cauzele conflictului sau acestea au fost impuse de c\u0103tre actori ter\u0163i. P\u00e2n\u0103 \u00een prezent conflictul transnistrean este v\u0103zut ca un conflict etnic, \u00eens\u0103 \u00een momentul de fa\u0163\u0103 se observ\u0103 c\u0103 sunt ni\u015fte elemente \u015fi ale unui r\u0103zboi hibrid, care a fost impus de c\u0103tre Federa\u0163ia Rus\u0103, dar care a fost conceptualizat abia dup\u0103 anul 2014, odat\u0103 cu anexarea Crimeii de c\u0103tre Federa\u0163ia Rus\u0103\u201d, a notat directoarea APE.<\/p>\n<p>Victoria Buc\u0103taru a men\u0163ionat c\u0103 Republica Moldova a fost pus\u0103 \u00een situa\u0163ia s\u0103 poarte negocieri \u00een baza a trei co\u015furi. Este vorba despre co\u015ful umanitar, economic \u015fi cel politic \u015fi de securitate. P\u00e2n\u0103 \u00een prezent, au fost deschise doar dou\u0103 co\u015furi; mai pu\u0163in s-a pus accentul pe co\u015ful num\u0103rul trei, care \u0163ine de solu\u0163ionarea politic\u0103, dar \u015fi cea de securitate.<\/p>\n<\/div>\n<div>\u00cen opinia sa, at\u00e2t timp c\u00e2t Republica Moldova va fi pus\u0103 \u00een situa\u0163ia de a negocia doar \u00een baza la aceste trei co\u015furi \u015fi nu se va deschide co\u015ful num\u0103rul trei \u2013 reglementarea politic\u0103 \u015fi de securitate, care \u0163ine de retragerea trupelor de pe teritoriul Republicii Moldova, contingentului militar rus, dar \u015fi a muni\u0163iilor, a\u015fa cum a fost \u00een\u0163elegerea la summitul de la Istanbul \u00een anul 1999, va fi foarte dificil s\u0103 fie g\u0103sit\u0103 o solu\u0163ie pentru reglementarea conflictului.<\/div>\n<div>\n<p>Victoria Buc\u0103taru crede c\u0103 pentru Republica Moldova vizita reprezentantului special al pre\u015fedin\u0163iei italiene a OSCE pentru reglementarea conflictului transnistrean Franco Frattini ar \u00eensemna \u015fi o schimbare de pozi\u0163ie, pentru c\u0103 pozi\u0163ia ini\u0163ial\u0103 pe care Frattini a avut-o a fost mai mult de a sus\u0163ine pozi\u0163ia Federa\u0163iei Ruse \u00een formatul de negocieri 5+2, ceea ce nu este acceptabil pentru Republica Moldova, iar \u00een calitatea sa de reprezentant al OSCE acesta ar fi trebuit s\u0103 aib\u0103 o pozi\u0163ie mult mai moderat\u0103.<\/p>\n<p>\u00cen alt\u0103 ordine de idei, directoarea APE a spus c\u0103, din p\u0103cate, carul nu se mi\u015fc\u0103 din loc \u015fi nu se observ\u0103 rezultate viabile ale formatului 5+2. La fel, nu exist\u0103 o viziune de \u0163ar\u0103 clar\u0103 \u00een ce prive\u015fte reglementarea transnistrean\u0103. Exist\u0103 o anumit\u0103 viziune pe care o \u00eemp\u0103rt\u0103\u015fe\u015fte Guvernul, sus\u0163inut de c\u0103tre Parlament, de asemenea exist\u0103 o viziune mai recent\u0103 a pre\u015fedintelui, care difer\u0103 de cea a Guvernului.<\/p>\n<p>Sursa:\u00a0<a href=\"http:\/\/adevarul.ro\/moldova\/politica\/expert-putin-probabil-ajunga-compromis-dosarul-transnistrean-1_5ab9f8ebdf52022f75125a6f\/index.html\">http:\/\/adevarul.ro\/<\/a><\/p>\n<\/div>\n","protected":false},"excerpt":{"rendered":"<p>de Iurii Botnarenco Directoarea executiv\u0103 a Asocia\u0163iei pentru Politic\u0103 Extern\u0103, Victoria Buc\u0103taru, consider\u0103 c\u0103 \u00een prezent exist\u0103 mai multe riscuri dec\u00e2t posibilit\u0103\u0163i de a reglementa conflictul transnistrean \u00een favoarea Republicii Moldova. \u00cen opinia sa, at\u00e2t timp c\u00e2t nu se discut\u0103 foarte clar \u015fi transparent despre acele \u00een\u0163elegeri politice, fie c\u0103 este vorba la nivel na\u0163ional&#8230;<\/p>\n","protected":false},"author":2,"featured_media":0,"comment_status":"closed","ping_status":"open","sticky":false,"template":"","format":"standard","meta":[],"categories":[1],"tags":[],"_links":{"self":[{"href":"https:\/\/centers.ulbsibiu.ro\/ccsprise\/lact\/wp-json\/wp\/v2\/posts\/4523"}],"collection":[{"href":"https:\/\/centers.ulbsibiu.ro\/ccsprise\/lact\/wp-json\/wp\/v2\/posts"}],"about":[{"href":"https:\/\/centers.ulbsibiu.ro\/ccsprise\/lact\/wp-json\/wp\/v2\/types\/post"}],"author":[{"embeddable":true,"href":"https:\/\/centers.ulbsibiu.ro\/ccsprise\/lact\/wp-json\/wp\/v2\/users\/2"}],"replies":[{"embeddable":true,"href":"https:\/\/centers.ulbsibiu.ro\/ccsprise\/lact\/wp-json\/wp\/v2\/comments?post=4523"}],"version-history":[{"count":2,"href":"https:\/\/centers.ulbsibiu.ro\/ccsprise\/lact\/wp-json\/wp\/v2\/posts\/4523\/revisions"}],"predecessor-version":[{"id":4525,"href":"https:\/\/centers.ulbsibiu.ro\/ccsprise\/lact\/wp-json\/wp\/v2\/posts\/4523\/revisions\/4525"}],"wp:attachment":[{"href":"https:\/\/centers.ulbsibiu.ro\/ccsprise\/lact\/wp-json\/wp\/v2\/media?parent=4523"}],"wp:term":[{"taxonomy":"category","embeddable":true,"href":"https:\/\/centers.ulbsibiu.ro\/ccsprise\/lact\/wp-json\/wp\/v2\/categories?post=4523"},{"taxonomy":"post_tag","embeddable":true,"href":"https:\/\/centers.ulbsibiu.ro\/ccsprise\/lact\/wp-json\/wp\/v2\/tags?post=4523"}],"curies":[{"name":"wp","href":"https:\/\/api.w.org\/{rel}","templated":true}]}}