{"id":4519,"date":"2018-03-27T16:23:42","date_gmt":"2018-03-27T14:23:42","guid":{"rendered":"https:\/\/centers.ulbsibiu.ro\/ccsprise\/lact\/?p=4519"},"modified":"2018-03-27T16:23:42","modified_gmt":"2018-03-27T14:23:42","slug":"publika-md-situatia-din-regiunea-transnistreana-discutata-de-franco-frattini-si-cristina-lesnic","status":"publish","type":"post","link":"https:\/\/centers.ulbsibiu.ro\/ccsprise\/lact\/publika-md-situatia-din-regiunea-transnistreana-discutata-de-franco-frattini-si-cristina-lesnic\/","title":{"rendered":"Publika.md &#8211; Situa\u0163ia din regiunea transnistrean\u0103, discutat\u0103 de Franco Frattini \u015fi Cristina Lesnic"},"content":{"rendered":"<p><b>Situa\u0163ia din Zona de Securitate \u015fi respectarea drepturilor omului \u00een regiunea transnistrean\u0103 vor fi printre priorit\u0103\u0163ile OSCE din acest an. Subiectul a fost discutat la Chi\u015fin\u0103u, la \u00eentrevederea \u00eentre reprezentantul special al organiza\u0163iei, Franco Frattini, \u015fi vicepremierul pentru Reintegrare, Cristina Lesnic.<\/b><\/p>\n<p><span style=\"display: inline !important; float: none; background-color: #ffffff; color: #000000; font-family: 'Oswald',Helvetica,Arial,sans-serif; font-size: 16px; font-size-adjust: none; font-stretch: normal; font-style: normal; font-variant: normal; font-weight: 400; letter-spacing: normal; line-height: 19.2px; orphans: 2; text-align: left; text-decoration: none; text-indent: 0px; text-transform: none; -webkit-text-stroke-width: 0px; white-space: normal; word-spacing: 0px;\"> &#8220;Chi\u015fin\u0103ul a \u00eenaintat dou\u0103 priorit\u0103\u0163i adi\u021bionale pentru pre\u015fedin\u0163ia italian\u0103. Este vorba despre situa\u0163ia din Zona de Securitate, inclusiv \u015fi drepturile omului, am promisiunea c\u0103 \u00een cadrul acestui an vom avea o alt\u0103 atitudine, mult mai activ\u0103 pe situa\u0163iile care sunt sensibile&#8221;, a spus Cristina Lesnic,\u00a0vicepremierul pentru Reintegrare.<\/span><\/p>\n<p><span style=\"display: inline !important; float: none; background-color: #ffffff; color: #000000; font-family: 'Oswald',Helvetica,Arial,sans-serif; font-size: 16px; font-size-adjust: none; font-stretch: normal; font-style: normal; font-variant: normal; font-weight: 400; letter-spacing: normal; line-height: 19.2px; orphans: 2; text-align: left; text-decoration: none; text-indent: 0px; text-transform: none; -webkit-text-stroke-width: 0px; white-space: normal; word-spacing: 0px;\">La r\u00e2ndul s\u0103u, reprezentantul special al Pre\u0219edin\u021biei \u00een exerci\u0163iu a OSCE din partea Italiei, Franco Frattini, a apreciat eforturile Chi\u015fin\u0103ului de a men\u0163ine dialogul constructiv cu Tiraspolul. \u00cen opinia lui, problema transnistrean\u0103 poate fi rezolvat\u0103 prin efortul comun al ambelor maluri, \u015fi nu de partenerii externi. <\/span><\/p>\n<p><span style=\"display: inline !important; float: none; background-color: #ffffff; color: #000000; font-family: 'Oswald',Helvetica,Arial,sans-serif; font-size: 16px; font-size-adjust: none; font-stretch: normal; font-style: normal; font-variant: normal; font-weight: 400; letter-spacing: normal; line-height: 19.2px; orphans: 2; text-align: left; text-decoration: none; text-indent: 0px; text-transform: none; -webkit-text-stroke-width: 0px; white-space: normal; word-spacing: 0px;\"> &#8220;Exist\u0103 voin\u021b\u0103 politic\u0103 s\u0103 ne mi\u015fc\u0103m \u00eenainte, exist\u0103 voin\u0163\u0103 din partea Guvernului Republicii Moldova s\u0103 \u00eendeplineasc\u0103 \u00een totalitate cele opt puncte asumate anul trecut de pre\u015fedin\u0163ia OSCE la Viena. Eu cred c\u0103 Moldova este printre pu\u0163inele \u0163\u0103ri sau chiar poate singura \u0163ar\u0103 care, \u00een condi\u0163ii complicate, r\u0103m\u00e2ne un exemplu bun de men\u0163inere a compromisului \u015fi a \u00eencrederii reciproce. Moldova merit\u0103 ajutat\u0103&#8221;, a spus Franco Frattini,\u00a0reprezentantul special al Pre\u015fedin\u0163iei \u00een exerci\u0163iu a OSCE.<\/span><\/p>\n<p><span style=\"display: inline !important; float: none; background-color: #ffffff; color: #000000; font-family: 'Oswald',Helvetica,Arial,sans-serif; font-size: 16px; font-size-adjust: none; font-stretch: normal; font-style: normal; font-variant: normal; font-weight: 400; letter-spacing: normal; line-height: 19.2px; orphans: 2; text-align: left; text-decoration: none; text-indent: 0px; text-transform: none; -webkit-text-stroke-width: 0px; white-space: normal; word-spacing: 0px;\"> Oficialul str\u0103in a propus ca urm\u0103toarea rund\u0103 de negocieri \u00een formatul &#8220;5+2&#8221; s\u0103 aib\u0103 loc la Roma, cel mai probabil \u00een mai. Frattini va mai avea \u00eentrevederi cu pre\u0219edintele Igor Dodon, premierul Pavel Filip \u0219i cu coordonatorul executiv al consiliului coali\u021biei majoritare, <\/span><a href=\"http:\/\/www.plahotniuc.md\/\" target=\"_blank\" rel=\"noopener\">Vlad Plahotniuc<\/a><span style=\"display: inline !important; float: none; background-color: #ffffff; color: #000000; font-family: 'Oswald',Helvetica,Arial,sans-serif; font-size: 16px; font-size-adjust: none; font-stretch: normal; font-style: normal; font-variant: normal; font-weight: 400; letter-spacing: normal; line-height: 19.2px; orphans: 2; text-align: left; text-decoration: none; text-indent: 0px; text-transform: none; -webkit-text-stroke-width: 0px; white-space: normal; word-spacing: 0px;\">. La Tiraspol, el se va \u00eent\u00e2lni cu liderul transnistrean, Vadim Krasnoselski, \u0219i cu reprezentantul politic din partea regiunii, Vitali Ignatiev. <\/span><\/p>\n<p>Cite\u0219te mai mult: <a href=\"https:\/\/www.publika.md\/situatia-din-regiunea-transnistreana-discutata-de-franco-frattini-si-cristina-lesnic_3000254.html#ixzz5AxX0PfPR\">https:\/\/www.publika.md\/situatia-din-regiunea-transnistreana-discutata-de-franco-frattini-si-cristina-lesnic_3000254.html#ixzz5AxX0PfPR<\/a><\/p>\n","protected":false},"excerpt":{"rendered":"<p>Situa\u0163ia din Zona de Securitate \u015fi respectarea drepturilor omului \u00een regiunea transnistrean\u0103 vor fi printre priorit\u0103\u0163ile OSCE din acest an. Subiectul a fost discutat la Chi\u015fin\u0103u, la \u00eentrevederea \u00eentre reprezentantul special al organiza\u0163iei, Franco Frattini, \u015fi vicepremierul pentru Reintegrare, Cristina Lesnic. &#8220;Chi\u015fin\u0103ul a \u00eenaintat dou\u0103 priorit\u0103\u0163i adi\u021bionale pentru pre\u015fedin\u0163ia italian\u0103. Este vorba despre situa\u0163ia din&#8230;<\/p>\n","protected":false},"author":2,"featured_media":0,"comment_status":"closed","ping_status":"open","sticky":false,"template":"","format":"standard","meta":[],"categories":[1],"tags":[],"_links":{"self":[{"href":"https:\/\/centers.ulbsibiu.ro\/ccsprise\/lact\/wp-json\/wp\/v2\/posts\/4519"}],"collection":[{"href":"https:\/\/centers.ulbsibiu.ro\/ccsprise\/lact\/wp-json\/wp\/v2\/posts"}],"about":[{"href":"https:\/\/centers.ulbsibiu.ro\/ccsprise\/lact\/wp-json\/wp\/v2\/types\/post"}],"author":[{"embeddable":true,"href":"https:\/\/centers.ulbsibiu.ro\/ccsprise\/lact\/wp-json\/wp\/v2\/users\/2"}],"replies":[{"embeddable":true,"href":"https:\/\/centers.ulbsibiu.ro\/ccsprise\/lact\/wp-json\/wp\/v2\/comments?post=4519"}],"version-history":[{"count":1,"href":"https:\/\/centers.ulbsibiu.ro\/ccsprise\/lact\/wp-json\/wp\/v2\/posts\/4519\/revisions"}],"predecessor-version":[{"id":4520,"href":"https:\/\/centers.ulbsibiu.ro\/ccsprise\/lact\/wp-json\/wp\/v2\/posts\/4519\/revisions\/4520"}],"wp:attachment":[{"href":"https:\/\/centers.ulbsibiu.ro\/ccsprise\/lact\/wp-json\/wp\/v2\/media?parent=4519"}],"wp:term":[{"taxonomy":"category","embeddable":true,"href":"https:\/\/centers.ulbsibiu.ro\/ccsprise\/lact\/wp-json\/wp\/v2\/categories?post=4519"},{"taxonomy":"post_tag","embeddable":true,"href":"https:\/\/centers.ulbsibiu.ro\/ccsprise\/lact\/wp-json\/wp\/v2\/tags?post=4519"}],"curies":[{"name":"wp","href":"https:\/\/api.w.org\/{rel}","templated":true}]}}