{"id":4517,"date":"2018-03-27T16:19:17","date_gmt":"2018-03-27T14:19:17","guid":{"rendered":"https:\/\/centers.ulbsibiu.ro\/ccsprise\/lact\/?p=4517"},"modified":"2018-03-27T16:19:17","modified_gmt":"2018-03-27T14:19:17","slug":"ziarulnational-md-plahotniuc-l-a-convins-pe-frattini-ca-solicitarea-chisinaului-ca-rusia-sa-si-retraga-trupele-din-stanga-nistrului-nu-e-desprinsa-de-realitate","status":"publish","type":"post","link":"https:\/\/centers.ulbsibiu.ro\/ccsprise\/lact\/ziarulnational-md-plahotniuc-l-a-convins-pe-frattini-ca-solicitarea-chisinaului-ca-rusia-sa-si-retraga-trupele-din-stanga-nistrului-nu-e-desprinsa-de-realitate\/","title":{"rendered":"Ziarulnational.md &#8211; Plahotniuc l-a convins pe Frattini c\u0103 solicitarea Chi\u0219in\u0103ului ca Rusia s\u0103-\u0219i retrag\u0103 trupele din st\u00e2nga Nistrului nu e \u201edesprins\u0103 de REALITATE\u201d?"},"content":{"rendered":"<p>Coordonatorul coali\u021biei de guvernare \u0219i liderul Partidului Democrat (PD), Vlad Plahotniuc, a avut ast\u0103zi o \u00eentrevedere cu reprezentantul special al OSCE pentru reglementarea transnistrean\u0103, Franco Frattini, oficialul care a declarat recent c\u0103 solicitarea Chi\u0219in\u0103ului ca ru\u0219ii s\u0103-\u0219i retrag\u0103 militarii din st\u00e2nga Nistrului ar fi \u201edesprins\u0103 de realitate\u201d.<\/p>\n<p>\u201eAm avut ast\u0103zi o \u00eent\u00e2lnire cu domnul Franco Frattini, reprezentantul special al OSCE pentru reglementarea transnistrean\u0103. I-am prezentat argumentele pentru care R. Moldova consider\u0103 c\u0103 retragerea militarilor ru\u0219i de pe teritoriul nostru este o prioritate \u0219i vom continua s\u0103 ac\u021bion\u0103m pe toate c\u0103ile diplomatice pentru punerea \u00een aplicare a documentelor interna\u021bionale adoptate \u00een acest sens. De asemenea, vom continua s\u0103 solicit\u0103m suport interna\u021bional \u00een acest demers\u201d, a scris Vlad Plahotniuc pe pagina sa de Facebook, dup\u0103 \u00eentrevederea cu Franco Frattini.<\/p>\n<p>De asemenea, Vlad Plahotniuc a precizat \u00een cadrul \u00eentrevederii c\u0103 rezolvarea conflictului transnistrean poate fi bazat\u0103 doar pe respectarea suveranit\u0103\u0163ii \u015fi integrit\u0103\u0163ii teritoriale a R. Moldova \u00een hotarele sale recunoscute la nivel interna\u0163ional, a\u015fa cum este stipulat \u00een Declara\u0163iile ministeriale ale OSCE.<\/p>\n<p>Acesta a ad\u0103ugat c\u0103 un acord privind statutul special al Transnistriei trebuie \u00eencheiat cu respectarea acestor parametri \u015fi a grani\u0163elor \u0163\u0103rii.<\/p>\n<p>Plahotniuc a eviden\u021biat, potrivit unui comunicat de pres\u0103 al PD, c\u0103 actuala coali\u0163ie de guvernare a reu\u015fit \u00een toamna anului trecut s\u0103 semneze o serie de protocoale cu Tiraspolul, protocoale care au oferit beneficii oamenilor de pe ambele maluri ale Nistrului \u015fi au pornit un proces important de construire a \u00eencrederii.<\/p>\n<p>\u201e\u00cen acela\u015fi timp, un principiu fundamental al coali\u0163iei de guvernare este s\u0103 vad\u0103 finalizat\u0103, conform Declara\u0163iei de la Summit-ul OSCE din Istanbul, retragerea trupelor str\u0103ine de pe teritoriul R. Moldova\u201d, a accentuat coordonatorul executiv al coali\u0163iei de guvernare.<\/p>\n<p>La r\u00e2ndul s\u0103u, Franco Frattini a declarat c\u0103 R. Moldova are suportul comunit\u0103\u0163ii interna\u0163ionale privind stadiul final al procesului de reglementare \u015fi c\u0103 acesta a fost principiul ce a ghidat implicarea sa.<\/p>\n<p>Serviciul de pres\u0103 al PD afirm\u0103 c\u0103 Franco Frattini a salutat ini\u0163iativa demonstrat\u0103 de Chi\u015fin\u0103u \u00een ultimul an, ceea ce a dus la semnarea \u00een noiembrie 2017 a patru acorduri extrem de importante, care acum sunt implementate. \u201eDin punctul s\u0103u de vedere, sarcina lui \u00een acest an este, \u00eempreun\u0103 cu Misiunea OSCE din Moldova \u015fi partenerii interna\u0163ionali \u00een procesul \u201e5+2\u201d, s\u0103 ajute p\u0103r\u0163ile s\u0103 ajung\u0103 la acorduri privind cele 3 subiecte restante din \u201epachetul de opt\u201d conform Protocolului \u201e5+2\u201d de la Viena.<\/p>\n<p>El a subliniat de asemenea c\u0103 OSCE e \u00een continuare preg\u0103tit\u0103 s\u0103 joace un rol de mediere \u00een procesul de evacuare \u015fi distrugere a muni\u0163iilor \u015fi armamentelor ruse\u015fti, conform mandatului Misiunii OSCE, extins \u00een 1999 ca urmare a Summit-ului OSCE de la Istanbul \u015fi sus\u0163inut anual de toate cele 57 state membre ale OSCE\u201d, se mai arat\u0103 \u00een comunicatul democra\u021bilor.<\/p>\n<p>Sursa:\u00a0<a href=\"http:\/\/www.ziarulnational.md\/ultima-ora-plahotniuc-l-a-convins-pe-frattini-ca-solicitarea-chisinaului-ca-rusia-sa-si-retraga-trupele-din-stanga-nistrului-nu-e-desprinsa-de-realitate\/\">http:\/\/www.ziarulnational.md\/<\/a><\/p>\n","protected":false},"excerpt":{"rendered":"<p>Coordonatorul coali\u021biei de guvernare \u0219i liderul Partidului Democrat (PD), Vlad Plahotniuc, a avut ast\u0103zi o \u00eentrevedere cu reprezentantul special al OSCE pentru reglementarea transnistrean\u0103, Franco Frattini, oficialul care a declarat recent c\u0103 solicitarea Chi\u0219in\u0103ului ca ru\u0219ii s\u0103-\u0219i retrag\u0103 militarii din st\u00e2nga Nistrului ar fi \u201edesprins\u0103 de realitate\u201d. \u201eAm avut ast\u0103zi o \u00eent\u00e2lnire cu domnul Franco&#8230;<\/p>\n","protected":false},"author":2,"featured_media":0,"comment_status":"closed","ping_status":"open","sticky":false,"template":"","format":"standard","meta":[],"categories":[1],"tags":[],"_links":{"self":[{"href":"https:\/\/centers.ulbsibiu.ro\/ccsprise\/lact\/wp-json\/wp\/v2\/posts\/4517"}],"collection":[{"href":"https:\/\/centers.ulbsibiu.ro\/ccsprise\/lact\/wp-json\/wp\/v2\/posts"}],"about":[{"href":"https:\/\/centers.ulbsibiu.ro\/ccsprise\/lact\/wp-json\/wp\/v2\/types\/post"}],"author":[{"embeddable":true,"href":"https:\/\/centers.ulbsibiu.ro\/ccsprise\/lact\/wp-json\/wp\/v2\/users\/2"}],"replies":[{"embeddable":true,"href":"https:\/\/centers.ulbsibiu.ro\/ccsprise\/lact\/wp-json\/wp\/v2\/comments?post=4517"}],"version-history":[{"count":1,"href":"https:\/\/centers.ulbsibiu.ro\/ccsprise\/lact\/wp-json\/wp\/v2\/posts\/4517\/revisions"}],"predecessor-version":[{"id":4518,"href":"https:\/\/centers.ulbsibiu.ro\/ccsprise\/lact\/wp-json\/wp\/v2\/posts\/4517\/revisions\/4518"}],"wp:attachment":[{"href":"https:\/\/centers.ulbsibiu.ro\/ccsprise\/lact\/wp-json\/wp\/v2\/media?parent=4517"}],"wp:term":[{"taxonomy":"category","embeddable":true,"href":"https:\/\/centers.ulbsibiu.ro\/ccsprise\/lact\/wp-json\/wp\/v2\/categories?post=4517"},{"taxonomy":"post_tag","embeddable":true,"href":"https:\/\/centers.ulbsibiu.ro\/ccsprise\/lact\/wp-json\/wp\/v2\/tags?post=4517"}],"curies":[{"name":"wp","href":"https:\/\/api.w.org\/{rel}","templated":true}]}}