{"id":4515,"date":"2018-03-27T16:16:42","date_gmt":"2018-03-27T14:16:42","guid":{"rendered":"https:\/\/centers.ulbsibiu.ro\/ccsprise\/lact\/?p=4515"},"modified":"2018-03-27T16:16:42","modified_gmt":"2018-03-27T14:16:42","slug":"publika-md-franco-frattini-problema-transnistreana-poate-fi-rezolvata-prin-efortul-comun-al-ambelor-maluri","status":"publish","type":"post","link":"https:\/\/centers.ulbsibiu.ro\/ccsprise\/lact\/publika-md-franco-frattini-problema-transnistreana-poate-fi-rezolvata-prin-efortul-comun-al-ambelor-maluri\/","title":{"rendered":"Publika.md &#8211; Franco Frattini: Problema transnistrean\u0103 poate fi rezolvat\u0103 prin efortul comun al ambelor maluri"},"content":{"rendered":"<p><strong>Schimbare de macaz \u00een retorica reprezentantului special al OSCE pentru regiunea transnistrean\u0103, Franco Frattini. Oficialul a declarat la Chi\u015fin\u0103u c\u0103 nu mai vede necesar\u0103 prezen\u0163a trupelor ruse \u00een st\u00e2nga Nistrului.<\/strong> Asta de\u015fi anterior le-a spus jurnali\u015ftilor de la Moscova c\u0103 solicitarea Chi\u015fin\u0103ului privind retragerea militarilor \u015fi a muni\u0163iilor este nerealist\u0103. Schimb\u0103rile \u00een punctele de vedere au fost prezentate la \u00eentrevederea cu vicepremierul pentru Reintegrare, Cristina Lesnic.<\/p>\n<p>&#8220;Una este rolul pacificatorilor, care men\u0163in securitatea, \u015fi alta este prezen\u0163a trupelor \u015fi a muni\u0163iilor str\u0103ine. Cum am mai spus, dac\u0103 avem aici semne bune, speran\u0163\u0103, \u00eencredere reciproc\u0103, nu va mai fi necesar dislocarea muni\u0163iilor \u015fi a unui num\u0103r mare de trupe. Acesta e spiritul \u00eencrederii reciproce&#8221;, a declarat Franco Frattini, reprezentantul Pre\u015fedin\u0163iei \u00een exerci\u0163iu a OSCE.<\/p>\n<p>Afirma\u021biile vechi ale lui Frattini au fost taxate dur. Pre\u015fedintele democra\u0163ilor, <a href=\"http:\/\/www.plahotniuc.md\/\" target=\"_blank\" rel=\"noopener\">Vlad Plahotniuc<\/a>, le-a calificat drept nechibzuite \u015fi subversive, ce pot z\u0103d\u0103rnici progresele \u00een dosarul transnistrean.<\/p>\n<p>La \u00eentrevederea \u00eentre reprezentantul organiza\u0163iei \u015fi vicepremierul pentru Reintegrare s-a stabilit c\u0103 <strong>printre priorit\u0103\u0163ile OSCE din acest an vor fi situa\u0163ia din Zona de Securitate \u015fi respectarea drepturilor omului \u00een regiunea transnistrean\u0103.<\/strong><\/p>\n<p>&#8220;Chi\u015fin\u0103ul a \u00eenaintat dou\u0103 priorit\u0103\u0163i adi\u021bionale pentru pre\u015fedin\u0163ia italian\u0103. Este vorba despre situa\u0163ia din Zona de Securitate, inclusiv \u015fi drepturile omului, am promisiunea c\u0103 \u00een cadrul acestui an vom avea o alt\u0103 atitudine, mult mai activ\u0103 pe situa\u0163iile care sunt sensibile&#8221;, a declarat Cristina Lesnic, vicepremierul pentru Reintegrare.<\/p>\n<p>La r\u00e2ndul s\u0103u, <strong>Franco Frattini a apreciat eforturile Chi\u015fin\u0103ului de a men\u0163ine dialogul constructiv cu Tiraspolul.<\/strong> \u00cen opinia lui, problema transnistrean\u0103 poate fi rezolvat\u0103 prin efortul comun al ambelor maluri, nu de partenerii externi.<\/p>\n<p>&#8220;Eu cred c\u0103 Moldova este printre pu\u0163inele \u0163\u0103ri sau chiar poate singura \u0163ar\u0103 care, \u00een condi\u0163ii complicate, r\u0103m\u00e2ne un exemplu bun de men\u0163inere a compromisului \u015fi a \u00eencrederii reciproce. Moldova merit\u0103 ajutat\u0103&#8221;, a spus reprezentantul OSCE pentru regiunea transnistrean\u0103.<\/p>\n<p>Oficialul str\u0103in a propus ca urm\u0103toarea rund\u0103 de negocieri \u00een formatul &#8220;5+2&#8221; s\u0103 aib\u0103 loc la Roma, cel mai probabil \u00een mai.<\/p>\n<p>Frattini va avea \u00eentrevederi cu mai mul\u0163i oficiali moldoveni. El va merge \u015fi la Tiraspol.<\/p>\n<p>Cite\u0219te mai mult: <a href=\"https:\/\/www.publika.md\/franco-frattini-problema-transnistreana-poate-fi-rezolvata-prin-efortul-comun-al-ambelor-maluri_3000282.html#ixzz5AxVJYy1x\">https:\/\/www.publika.md\/franco-frattini-problema-transnistreana-poate-fi-rezolvata-prin-efortul-comun-al-ambelor-maluri_3000282.html#ixzz5AxVJYy1x<\/a><\/p>\n","protected":false},"excerpt":{"rendered":"<p>Schimbare de macaz \u00een retorica reprezentantului special al OSCE pentru regiunea transnistrean\u0103, Franco Frattini. Oficialul a declarat la Chi\u015fin\u0103u c\u0103 nu mai vede necesar\u0103 prezen\u0163a trupelor ruse \u00een st\u00e2nga Nistrului. Asta de\u015fi anterior le-a spus jurnali\u015ftilor de la Moscova c\u0103 solicitarea Chi\u015fin\u0103ului privind retragerea militarilor \u015fi a muni\u0163iilor este nerealist\u0103. Schimb\u0103rile \u00een punctele de vedere&#8230;<\/p>\n","protected":false},"author":2,"featured_media":0,"comment_status":"closed","ping_status":"open","sticky":false,"template":"","format":"standard","meta":[],"categories":[1],"tags":[],"_links":{"self":[{"href":"https:\/\/centers.ulbsibiu.ro\/ccsprise\/lact\/wp-json\/wp\/v2\/posts\/4515"}],"collection":[{"href":"https:\/\/centers.ulbsibiu.ro\/ccsprise\/lact\/wp-json\/wp\/v2\/posts"}],"about":[{"href":"https:\/\/centers.ulbsibiu.ro\/ccsprise\/lact\/wp-json\/wp\/v2\/types\/post"}],"author":[{"embeddable":true,"href":"https:\/\/centers.ulbsibiu.ro\/ccsprise\/lact\/wp-json\/wp\/v2\/users\/2"}],"replies":[{"embeddable":true,"href":"https:\/\/centers.ulbsibiu.ro\/ccsprise\/lact\/wp-json\/wp\/v2\/comments?post=4515"}],"version-history":[{"count":1,"href":"https:\/\/centers.ulbsibiu.ro\/ccsprise\/lact\/wp-json\/wp\/v2\/posts\/4515\/revisions"}],"predecessor-version":[{"id":4516,"href":"https:\/\/centers.ulbsibiu.ro\/ccsprise\/lact\/wp-json\/wp\/v2\/posts\/4515\/revisions\/4516"}],"wp:attachment":[{"href":"https:\/\/centers.ulbsibiu.ro\/ccsprise\/lact\/wp-json\/wp\/v2\/media?parent=4515"}],"wp:term":[{"taxonomy":"category","embeddable":true,"href":"https:\/\/centers.ulbsibiu.ro\/ccsprise\/lact\/wp-json\/wp\/v2\/categories?post=4515"},{"taxonomy":"post_tag","embeddable":true,"href":"https:\/\/centers.ulbsibiu.ro\/ccsprise\/lact\/wp-json\/wp\/v2\/tags?post=4515"}],"curies":[{"name":"wp","href":"https:\/\/api.w.org\/{rel}","templated":true}]}}