{"id":4512,"date":"2018-03-26T17:09:16","date_gmt":"2018-03-26T15:09:16","guid":{"rendered":"https:\/\/centers.ulbsibiu.ro\/ccsprise\/lact\/?p=4512"},"modified":"2018-03-26T17:11:23","modified_gmt":"2018-03-26T15:11:23","slug":"ziarulnational-md-promo-lex-se-plange-pe-osce-din-r-moldova-lui-frattini-si-ii-cere-sa-insiste-pe-organizarea-unei-misiuni-urgente-de-monitorizare-a-situatiei-aparatorilor-dreptur","status":"publish","type":"post","link":"https:\/\/centers.ulbsibiu.ro\/ccsprise\/lact\/ziarulnational-md-promo-lex-se-plange-pe-osce-din-r-moldova-lui-frattini-si-ii-cere-sa-insiste-pe-organizarea-unei-misiuni-urgente-de-monitorizare-a-situatiei-aparatorilor-dreptur\/","title":{"rendered":"Ziarulnational.md &#8211; \u201ePromo-Lex\u201d se pl\u00e2nge pe OSCE din R. Moldova lui Frattini \u0219i \u00eei cere s\u0103 insiste pe organizarea unei misiuni urgente de monitorizare a situa\u021biei ap\u0103r\u0103torilor drepturilor omului \u00een regiunea transnistrean\u0103"},"content":{"rendered":"<p>Asocia\u021bia \u201ePromo-Lex\u201d a f\u0103cut public ast\u0103zi un apel la adresa Reprezentantului special al pre\u0219edin\u021biei \u00een exerci\u021biu a OSCE pentru procesul de reglementare a conflictului transnistrean, Franco Frattini, asteptat \u00een aceast\u0103 s\u0103pt\u0103m\u00e2n\u0103 la Chi\u0219in\u0103u.<\/p>\n<p>\u00cen apel, Asocia\u021bia \u00eel informeaz\u0103 pe acesta c\u0103 reprezentan\u021bii \u201ePromo-Lex\u201d au accest interzis \u00een Transnistria din anul 2015, iar monitorizarea situa\u021biei \u00een acest spa\u021biu este efectuat\u0103 de la distan\u021b\u0103 \u0219i nu permite o radiografiere complet\u0103 a tuturor problemelor sau fenomenelor de \u00eenc\u0103lcare a drepturilor omului.<\/p>\n<p>\u201e<em>Promo-Lex<\/em> \u00ee\u0219i exprim\u0103 \u00eengrijorarea c\u0103 procesul de negocieri politice, precum \u0219i m\u0103surile de \u00eent\u0103rire a \u00eencrederii dintre cele dou\u0103 maluri ale Nistrului nu includ \u0219i aspecte ce \u021bin de garan\u021biile reale pentru respectarea drepturilor \u0219i libert\u0103\u021bilor fundamentale ale omului, care ar fi \u00een spiritul prevederilor Declara\u021biei Universale a Drepturilor Omului \u0219i Conven\u021biei Europene pentru Drepturile Omului. Asocia\u021bia este profund \u00eengrijorat\u0103 de situa\u021bia ap\u0103r\u0103torilor drepturilor omului \u0219i limitarea mediului de activitate pentru societatea civil\u0103 \u00een regiunea transnistrean\u0103 a Republicii Moldova \u00een special. Campania de intimidare \u0219i h\u0103r\u021buire \u00eempotriva ONG-urilor, atmosfera de fric\u0103 \u0219i insecuritate \u00een r\u00e2ndul popula\u021biei din st\u00e2nga Nistrului \u00eenc\u0103 persist\u0103\u201d, se precizeaz\u0103 \u00een apel.<\/p>\n<p>Totodat\u0103, \u201ePromo-Lex\u201d \u00ee\u0219i reitereaz\u0103 regretul privind activitatea netransparent\u0103 a Misiunii OSCE din Moldova, care \u00een ultimii \u0219apte ani practic limiteaz\u0103 comunicarea \u0219i exclude colaborarea cu organiza\u021biile specializate din R. Moldova \u0219i \u201eignor\u0103 \u00een mod inexplicabil constat\u0103rile, concluziile \u0219i recomand\u0103rile exper\u021bilor societ\u0103\u021bii civile din dreapta Nistrului\u201d.<\/p>\n<p>\u201eSubliniem c\u0103 aceste constat\u0103ri, concluzii \u0219i recomand\u0103ri sunt bazate exclusiv pe standarde interna\u021bionale \u00een domeniul drepturilor omului promovate de OSCE, dar \u0219i pe hot\u0103r\u00e2ri definitive ale instan\u021belor judec\u0103tore\u0219ti na\u021bionale \u0219i interna\u021bionale executorii, inclusiv pentru statele membre ale CoE \u0219i OSCE\u201d, arat\u0103 \u201ePromo-Lex\u201d.<\/p>\n<p>Reie\u0219ind din acest fapt, Asocia\u0163ia \u201ePromo-Lex\u201d \u00eei solicit\u0103 lui Franco Frattini s\u0103 insiste pe organizarea unei misiuni urgente de monitorizare a situa\u021biei ap\u0103r\u0103torilor drepturilor omului \u00een regiunea transnistrean\u0103 a Republicii Moldova, s\u0103 abordeze problema accesului reprezentan\u021bilor Asocia\u021biei \u201ePromo-Lex\u201d, precum \u0219i a altor ONG-uri pentru drepturile omului \u00een regiunea transnistrean\u0103 cu scopul de a-\u0219i desf\u0103\u0219ura activit\u0103\u021bile statutare, s\u0103 pledeze pentru o misiune urgent\u0103 de monitorizare a tuturor locurilor de deten\u021bie din regiunea transnistrean\u0103 de c\u0103tre Comitetul de Prevenire a Torturii \u0219i s\u0103 cear\u0103 Misiunii OSCE din Moldova s\u0103 manifeste transparen\u021b\u0103 \u0219i abordare incluziv\u0103 \u0219i nu exclusiv\u0103 \u00een activitatea sa, \u00een special s\u0103 aib\u0103 o deschidere larg\u0103 \u0219i consult\u0103ri cu diverse grupuri \u0219i organiza\u021bii ale societ\u0103\u021bii civile cu viziuni diferite, inclusiv, dar poate \u00een special, a celor care au opinii critice asupra activit\u0103\u021bii Misiunii OSCE din Moldova.<\/p>\n<p>Sursa:\u00a0<a href=\"http:\/\/www.ziarulnational.md\/promo-lex-se-plange-pe-osce-lui-frattini-si-ii-cere-sa-insiste-pe-organizarea-unei-misiuni-urgente-de-monitorizare-a-situatiei-aparatorilor-drepturilor-omului-in-regiunea-transnistreana-a-r-moldova\/\">http:\/\/www.ziarulnational.md\/<\/a><\/p>\n","protected":false},"excerpt":{"rendered":"<p>Asocia\u021bia \u201ePromo-Lex\u201d a f\u0103cut public ast\u0103zi un apel la adresa Reprezentantului special al pre\u0219edin\u021biei \u00een exerci\u021biu a OSCE pentru procesul de reglementare a conflictului transnistrean, Franco Frattini, asteptat \u00een aceast\u0103 s\u0103pt\u0103m\u00e2n\u0103 la Chi\u0219in\u0103u. \u00cen apel, Asocia\u021bia \u00eel informeaz\u0103 pe acesta c\u0103 reprezentan\u021bii \u201ePromo-Lex\u201d au accest interzis \u00een Transnistria din anul 2015, iar monitorizarea situa\u021biei \u00een&#8230;<\/p>\n","protected":false},"author":2,"featured_media":0,"comment_status":"closed","ping_status":"open","sticky":false,"template":"","format":"standard","meta":[],"categories":[1],"tags":[],"_links":{"self":[{"href":"https:\/\/centers.ulbsibiu.ro\/ccsprise\/lact\/wp-json\/wp\/v2\/posts\/4512"}],"collection":[{"href":"https:\/\/centers.ulbsibiu.ro\/ccsprise\/lact\/wp-json\/wp\/v2\/posts"}],"about":[{"href":"https:\/\/centers.ulbsibiu.ro\/ccsprise\/lact\/wp-json\/wp\/v2\/types\/post"}],"author":[{"embeddable":true,"href":"https:\/\/centers.ulbsibiu.ro\/ccsprise\/lact\/wp-json\/wp\/v2\/users\/2"}],"replies":[{"embeddable":true,"href":"https:\/\/centers.ulbsibiu.ro\/ccsprise\/lact\/wp-json\/wp\/v2\/comments?post=4512"}],"version-history":[{"count":2,"href":"https:\/\/centers.ulbsibiu.ro\/ccsprise\/lact\/wp-json\/wp\/v2\/posts\/4512\/revisions"}],"predecessor-version":[{"id":4514,"href":"https:\/\/centers.ulbsibiu.ro\/ccsprise\/lact\/wp-json\/wp\/v2\/posts\/4512\/revisions\/4514"}],"wp:attachment":[{"href":"https:\/\/centers.ulbsibiu.ro\/ccsprise\/lact\/wp-json\/wp\/v2\/media?parent=4512"}],"wp:term":[{"taxonomy":"category","embeddable":true,"href":"https:\/\/centers.ulbsibiu.ro\/ccsprise\/lact\/wp-json\/wp\/v2\/categories?post=4512"},{"taxonomy":"post_tag","embeddable":true,"href":"https:\/\/centers.ulbsibiu.ro\/ccsprise\/lact\/wp-json\/wp\/v2\/tags?post=4512"}],"curies":[{"name":"wp","href":"https:\/\/api.w.org\/{rel}","templated":true}]}}