{"id":4510,"date":"2018-03-26T17:01:33","date_gmt":"2018-03-26T15:01:33","guid":{"rendered":"https:\/\/centers.ulbsibiu.ro\/ccsprise\/lact\/?p=4510"},"modified":"2018-03-26T17:01:33","modified_gmt":"2018-03-26T15:01:33","slug":"radiochisinau-md-declaratiile-lui-franco-frattini-privind-procesul-de-reglementare-transnistreana-trezesc-ingrijorari-la-chisinau","status":"publish","type":"post","link":"https:\/\/centers.ulbsibiu.ro\/ccsprise\/lact\/radiochisinau-md-declaratiile-lui-franco-frattini-privind-procesul-de-reglementare-transnistreana-trezesc-ingrijorari-la-chisinau\/","title":{"rendered":"Radiochisinau.md &#8211; Declara\u021biile lui Franco Frattini privind procesul de reglementare transnistrean\u0103 trezesc \u00eengrijor\u0103ri la Chi\u0219in\u0103u"},"content":{"rendered":"<p class=\"story-body__introduction\">Reprezentantul Special al Pre\u0219edintelui \u00een exerci\u021biu al OSCE pentru procesul de reglementare transnistrean\u0103, Franco Frattini, se va afla \u00eentr-o vizit\u0103 de trei zile \u00een Republica Moldova, \u00eencep\u00e2nd de ast\u0103zi, 26 martie. Vizita fostului ministru italian de externe la Chi\u0219in\u0103u a fost precedat\u0103 de declara\u021bii controversate la o institu\u021bie media din Rusia, iar exper\u021bii sus\u021bin c\u0103 nu sunt premise pentru a a\u0219tepta o impulsionare a procesului de reglementare transnistrean\u0103.<\/p>\n<div class=\"articleContent\">\n<p>Franco Frattini va purta discu\u021bii cu oficiali moldoveni \u0219i cu \u0219efii administra\u021biei de la Tiraspol, inclusiv cu ambii reprezentan\u021bi politici. De asemenea, el se va \u00eent\u00e2lni cu ambasadorii reziden\u021bi ai formatului \u201e5+2\u201d.<\/p>\n<p>Coment\u00e2nd vizita sa la Chi\u0219in\u0103u, Franco Frattini a apreciat progresul dezvoltat toamna trecut\u0103 \u00een procesul de reglementare \u0219i a l\u0103udat p\u0103r\u021bile pentru abordarea lor constructiv\u0103 \u0219i asumarea responsabilit\u0103\u021bii asupra acestui proces, potrivit unui comunicat al Misiunii OSCE.<\/p>\n<p>Pe de alt\u0103 parte, la \u00eenceputul acestei luni, oficialul declara \u00eentr-un interviu pentru postul rusesc de televiziune Russia Today c\u0103 discu\u021biile prind retragerea trupelor \u0219i a muni\u021biei militare ruse din regiunea separatist\u0103 ar trebui am\u00e2nate p\u00e2n\u0103 la rezolvarea altor probleme. Aceste declara\u021bii au provocat critici din partea politicienilor \u0219i a unor exper\u021bi de la Chi\u0219in\u0103u.<\/p>\n<p><em>\u201eFranco Frattini este considerat un simpatizant al Moscovei, iar declara\u021biile sale au trezit \u00eengrijor\u0103ri la Chi\u0219in\u0103u\u201d<\/em>, a comentat pentru Radio Chi\u0219in\u0103u, analistul politic Anatol \u021a\u0103ranu. Totodat\u0103, \u00een opinia sa, nu exist\u0103 premise pentru a a\u0219tepta o impulsionare a procesului de reglementare a conflictului transnistrean.<\/p>\n<p><em>\u201eEste important ca \u00een cadrul dialogului s\u0103 fie incluse \u0219i subiecte precum respectarea drepturilor omului \u00een regiunea transnistrean\u0103, iar pentru aceasta este nevoie \u0219i de o schimbare a abord\u0103rii Misiunii OSCE \u00een Republica Moldova\u201d<\/em>, sus\u021bine directorul executiv al Asocia\u021biei Promo-Lex, Ion Manole.<\/p>\n<p>Amintim c\u0103 OSCE, al\u0103turi de Rusia \u0219i Ucraina sunt mediatori \u00een negocierile \u00een formatul 5+2. Acestea \u00eens\u0103 treneaz\u0103, \u00een 2017 fiind organizat\u0103 o singur\u0103 rund\u0103 de discu\u021bii, dup\u0103 o pauz\u0103 de un an jum\u0103tate.<\/p>\n<p>Sursa:\u00a0<a href=\"http:\/\/radiochisinau.md\/declaratiile-lui-franco-frattini-privind-procesul-de-reglementare-transnistreana-trezesc-ingrijorari-la-chisinau---65206.html\">http:\/\/radiochisinau.md\/<\/a><\/p>\n<\/div>\n","protected":false},"excerpt":{"rendered":"<p>Reprezentantul Special al Pre\u0219edintelui \u00een exerci\u021biu al OSCE pentru procesul de reglementare transnistrean\u0103, Franco Frattini, se va afla \u00eentr-o vizit\u0103 de trei zile \u00een Republica Moldova, \u00eencep\u00e2nd de ast\u0103zi, 26 martie. Vizita fostului ministru italian de externe la Chi\u0219in\u0103u a fost precedat\u0103 de declara\u021bii controversate la o institu\u021bie media din Rusia, iar exper\u021bii sus\u021bin c\u0103&#8230;<\/p>\n","protected":false},"author":2,"featured_media":0,"comment_status":"closed","ping_status":"open","sticky":false,"template":"","format":"standard","meta":[],"categories":[1],"tags":[],"_links":{"self":[{"href":"https:\/\/centers.ulbsibiu.ro\/ccsprise\/lact\/wp-json\/wp\/v2\/posts\/4510"}],"collection":[{"href":"https:\/\/centers.ulbsibiu.ro\/ccsprise\/lact\/wp-json\/wp\/v2\/posts"}],"about":[{"href":"https:\/\/centers.ulbsibiu.ro\/ccsprise\/lact\/wp-json\/wp\/v2\/types\/post"}],"author":[{"embeddable":true,"href":"https:\/\/centers.ulbsibiu.ro\/ccsprise\/lact\/wp-json\/wp\/v2\/users\/2"}],"replies":[{"embeddable":true,"href":"https:\/\/centers.ulbsibiu.ro\/ccsprise\/lact\/wp-json\/wp\/v2\/comments?post=4510"}],"version-history":[{"count":1,"href":"https:\/\/centers.ulbsibiu.ro\/ccsprise\/lact\/wp-json\/wp\/v2\/posts\/4510\/revisions"}],"predecessor-version":[{"id":4511,"href":"https:\/\/centers.ulbsibiu.ro\/ccsprise\/lact\/wp-json\/wp\/v2\/posts\/4510\/revisions\/4511"}],"wp:attachment":[{"href":"https:\/\/centers.ulbsibiu.ro\/ccsprise\/lact\/wp-json\/wp\/v2\/media?parent=4510"}],"wp:term":[{"taxonomy":"category","embeddable":true,"href":"https:\/\/centers.ulbsibiu.ro\/ccsprise\/lact\/wp-json\/wp\/v2\/categories?post=4510"},{"taxonomy":"post_tag","embeddable":true,"href":"https:\/\/centers.ulbsibiu.ro\/ccsprise\/lact\/wp-json\/wp\/v2\/tags?post=4510"}],"curies":[{"name":"wp","href":"https:\/\/api.w.org\/{rel}","templated":true}]}}