{"id":4508,"date":"2018-03-25T18:33:37","date_gmt":"2018-03-25T16:33:37","guid":{"rendered":"https:\/\/centers.ulbsibiu.ro\/ccsprise\/lact\/?p=4508"},"modified":"2020-06-12T15:36:42","modified_gmt":"2020-06-12T13:36:42","slug":"europalibera-org-vlad-lupan-noi-am-cedat-prea-mult-unilateral-pe-parcursul-negocierilor","status":"publish","type":"post","link":"https:\/\/centers.ulbsibiu.ro\/ccsprise\/lact\/europalibera-org-vlad-lupan-noi-am-cedat-prea-mult-unilateral-pe-parcursul-negocierilor\/","title":{"rendered":"Europalibera.org &#8211; Vlad Lupan: \u201eNoi am cedat prea mult unilateral pe parcursul negocierilor\u201d"},"content":{"rendered":"<p><a title=\"Liliana Barb\u0103ro\u0219ie\" href=\"https:\/\/www.europalibera.org\/author\/20469.html\">Liliana Barb\u0103ro\u0219ie<\/a><\/p>\n<p>&nbsp;<\/p>\n<div class=\"intro content-offset\">\n<p>Interviu cu fostul ambasador al R.Moldova la ONU.<\/p>\n<\/div>\n<div>\n<div class=\"wsw\">\n<p><strong>Europa Liber\u0103: Domnule Lupan, <\/strong><strong>Franco Frattini, reprezentantul special al <\/strong><strong>pre\u0219edin\u021biei italiene a OSCE, viziteaz\u0103 Republica Moldova pe 26 martie. \u00cen ajunul acestei vizite, <\/strong><strong>Franco Frattini a acordat un interviu pentru <em>Russia<\/em> <em>Today. <\/em>Multe dintre declara<\/strong><strong>\u021b<\/strong><strong>iile domniei sale<\/strong><strong> au st\u00e2rnit criticile puterii de la Chi\u0219in\u0103u, a anali\u0219tilor, dar mai ales una, \u00een care dumnealui zicea c\u0103 retragerea trupelor ruse \u00een acest moment din regiunea transnistrean\u0103 ar fi un subiect irealist \u0219i c\u0103 toat\u0103 lumea asta \u00een\u021belege, moldovenii la fel \u00een\u021beleg, c\u0103 nu sunt oameni naivi. Cum privi\u021bi dumneavoastr\u0103 aceast\u0103 situa\u021bie<\/strong><strong>?<\/strong><\/p>\n<p><strong>Vlad Lupan: <\/strong>\u201eRetragerea trupelor ruse din Republica Moldova a fost reglementat\u0103 interna\u021bional, de\u0219i Federa\u021bia Rus\u0103 s-a retras din unul din acordurile care reglementa aceast\u0103 retragere, unul din acordurile care este men\u021bionat la Istanbul 1999. Asta nu \u00eempiedic\u0103 Federa\u021bia Rus\u0103 s\u0103-\u0219i retrag\u0103 trupele sale.<\/p>\n<p>Afirma\u021biile care au fost utilizate pentru a bloca retragerea trupelor ruse din Republica Moldova au fost urm\u0103toarele: unu, c\u0103 aceste trupe vor fi retrase atunci c\u00e2nd vor fi create condi\u021biile necesare. Exist\u0103 \u0219i un document \u00een acest sens aprobat de comunitatea interna\u021bional\u0103 sub presiunea Federa\u021biei Ruse \u00een cadrul unei \u0219edin\u021be ministeriale a OSCE. Imediat dup\u0103 aprobarea acestei declara\u021bii \u00een 2002 la Porto, Federa\u021bia Rus\u0103 a declarat c\u0103 condi\u021biile acestea nu mai exist\u0103 \u0219i regiunea transnistrean\u0103 insist\u0103 pe faptul c\u0103 o parte din acest armament aflat \u00een Republica Moldova \u00een controlul armatei ruse le apar\u021bine lor. Deci, armata rus\u0103 nu poate s\u0103 retrag\u0103, pentru c\u0103 trebuie s\u0103 p\u0103zeasc\u0103 depozitele care sunt o chestiune de disput\u0103 \u00eentre Federa\u021bia Rus\u0103 \u0219i regiunea transnistrean\u0103.<\/p>\n<p>Asta ar fi un argument. El este totalmente ilogic, dup\u0103 cum v\u0103 da\u021bi seama foarte bine \u2013 nu poate s\u0103 existe preten\u021bii din partea unui subiect nerecunoscut sub controlul Federa\u021biei Ruse c\u0103tre Federa\u021bia Rus\u0103. Deci, asta era absurd de clar o motiva\u021bie politic\u0103 pentru a nu-\u0219i retrage trupele din Republica Moldova. Deci, e vorba de lips\u0103 de voin\u021b\u0103 politic\u0103, nu despre incapacitatea fizic\u0103 de a-\u0219i retrage trupele sale.<\/p>\n<p>Mai mult de at\u00e2t, p\u00e2n\u0103 \u00een anul 1999, ba chiar p\u00e2n\u0103 \u00een 2002, aceast\u0103 retragere a avut loc. Deci, fizic ea este posibil\u0103 \u0219i chiar a fost \u0219i verificat\u0103 de c\u0103tre comunitatea interna\u021bional\u0103, ceea ce demonstreaz\u0103 c\u0103 nu numai c\u0103 este posibil\u0103 retragerea, dar chiar \u0219i verificarea este posibil\u0103. Deci, este vorba despre lipsa de voin\u021b\u0103 politic\u0103 din partea Federa\u021biei Ruse \u0219i nicidecum de incapacitatea sau imposibilitatea retragerii.<\/p>\n<p>Al doilea argument, foarte nepl\u0103cut s\u0103-l auzim din partea colegilor no\u0219tri interna\u021bionali, care, de asemenea, este un argument fals, este urm\u0103torul: trupele ruse din Republica Moldova care p\u0103zesc depozitele de la Covasna, \u0219i a\u0219a-numi\u021bii pacificatori ru\u0219i afla\u021bi \u00een Republica Moldova nu pot fi retra\u0219i. Primii \u2013 din motiv c\u0103 nu exist\u0103 posibilitate de retragere a tuturor armamentelor, iar al doilea \u2013 nu cad sub inciden\u021ba documentelor interna\u021bionale privind retragerea trupelor ruse.<\/p>\n<p>Acest lucru nu este adev\u0103rat. \u00cen calitatea mea de negociator, at\u00e2t \u00een Comisia Unificat\u0103 de Control, care este responsabil\u0103 de supravegherea activit\u0103\u021bii contingentelor militare din zona de securitate, c\u00e2t \u0219i \u00een calitatea mea de negociator \u00een formatul pentagonal pe atunci, \u00eenc\u0103 nu era 5+2, eu pot s\u0103 confirm c\u0103 acest argument este nevalabil din urm\u0103toarele motive: Federa\u021bia Rus\u0103, precum \u0219i o serie de parteneri de ai s\u0103i, cu care s-a \u00een\u021beles pe o serie de alte subiecte dec\u00e2t Republica Moldova, la un moment dat au afirmat \u0219i continu\u0103 s\u0103 afirme c\u0103 aceste trupe sunt separate. \u00cens\u0103, \u00een cadrul negocierilor la care am participat chiar eu privind retragerea trupelor ruse \u00eenainte de Istanbul 1999 delega\u021bia rus\u0103 recuno\u0219tea faptul c\u0103 grupul operativ al trupelor ruse aflat \u00een Republica Moldova, prin rota\u021bie, \u00een trei grupuri, face a\u0219a-numita trecere de la un obiectiv la altul. Cu alte cuvinte, un grup face a\u0219a-numita pacificare, \u00een timpul acesta alt grup face de serviciu la depozitele de la Covasna \u0219i al treilea grup se odihne\u0219te.<\/p>\n<p>Cu alte cuvinte, c\u00e2nd vorbim despre trupele ruse, noi vorbim despre acela\u0219i contingent. Iat\u0103 argumentul acesta era folosit \u00een calitate de argument pentru a evita retragerea trupelor ruse din Republica Moldova, deoarece acordul din 1992, semnat de Republica Moldova \u0219i Federa\u021bia Rus\u0103 de \u00eencetare a focului \u0219i reglementare a conflictului transnistrean presupunea c\u0103 acest contingent, cu un contingent militar rusesc, ar trebui s\u0103 se afle \u00een Republica Moldova. Astfel argumenta Federa\u021bia Rus\u0103 \u0219i prietenii s\u0103i, \u201enu putem retrage toate trupele ruse, deoarece ele sunt o combina\u021bie de trupe care se ocup\u0103 de toate \u00een acela\u0219i timp \u0219i nu pot s\u0103 se retrag\u0103 \u00een acela\u0219i timp\u201d.<\/p>\n<p>Este un argument fals. Federa\u021bia Rus\u0103 este un stat care ar putea, f\u0103r\u0103 complica\u021bii extraordinare, s\u0103 trimit\u0103 \u00een Republica Moldova, la dispozi\u021bia Comisiei Unificate de Control, o serie de militari care ar putea s\u0103 fie adu\u0219i \u00een Republica Moldova din orice regiune a Rusiei, nu numaidec\u00e2t militarii care se afl\u0103 \u00een Grupul Operativ al Trupelor Ruse care, preponderent, sunt \u0219i localnici, cu alte cuvinte persoane direct interesate \u00een acest conflict \u0219i \u00een persisten\u021ba acestui conflict. Cu alte cuvinte, argumentele nu sunt valabile, dup\u0103 cum vede\u021bi, din niciun punct de vedere.\u201d<\/p>\n<p>Interviul integral la:\u00a0<a href=\"https:\/\/www.europalibera.org\/a\/29120381.html\">https:\/\/www.europalibera.org\/<\/a><\/p>\n<\/div>\n<\/div>\n","protected":false},"excerpt":{"rendered":"<p>Liliana Barb\u0103ro\u0219ie &nbsp; Interviu cu fostul ambasador al R.Moldova la ONU. Europa Liber\u0103: Domnule Lupan, Franco Frattini, reprezentantul special al pre\u0219edin\u021biei italiene a OSCE, viziteaz\u0103 Republica Moldova pe 26 martie. \u00cen ajunul acestei vizite, Franco Frattini a acordat un interviu pentru Russia Today. Multe dintre declara\u021biile domniei sale au st\u00e2rnit criticile puterii de la Chi\u0219in\u0103u,&#8230;<\/p>\n","protected":false},"author":2,"featured_media":0,"comment_status":"closed","ping_status":"open","sticky":false,"template":"","format":"standard","meta":[],"categories":[1],"tags":[],"_links":{"self":[{"href":"https:\/\/centers.ulbsibiu.ro\/ccsprise\/lact\/wp-json\/wp\/v2\/posts\/4508"}],"collection":[{"href":"https:\/\/centers.ulbsibiu.ro\/ccsprise\/lact\/wp-json\/wp\/v2\/posts"}],"about":[{"href":"https:\/\/centers.ulbsibiu.ro\/ccsprise\/lact\/wp-json\/wp\/v2\/types\/post"}],"author":[{"embeddable":true,"href":"https:\/\/centers.ulbsibiu.ro\/ccsprise\/lact\/wp-json\/wp\/v2\/users\/2"}],"replies":[{"embeddable":true,"href":"https:\/\/centers.ulbsibiu.ro\/ccsprise\/lact\/wp-json\/wp\/v2\/comments?post=4508"}],"version-history":[{"count":1,"href":"https:\/\/centers.ulbsibiu.ro\/ccsprise\/lact\/wp-json\/wp\/v2\/posts\/4508\/revisions"}],"predecessor-version":[{"id":4509,"href":"https:\/\/centers.ulbsibiu.ro\/ccsprise\/lact\/wp-json\/wp\/v2\/posts\/4508\/revisions\/4509"}],"wp:attachment":[{"href":"https:\/\/centers.ulbsibiu.ro\/ccsprise\/lact\/wp-json\/wp\/v2\/media?parent=4508"}],"wp:term":[{"taxonomy":"category","embeddable":true,"href":"https:\/\/centers.ulbsibiu.ro\/ccsprise\/lact\/wp-json\/wp\/v2\/categories?post=4508"},{"taxonomy":"post_tag","embeddable":true,"href":"https:\/\/centers.ulbsibiu.ro\/ccsprise\/lact\/wp-json\/wp\/v2\/tags?post=4508"}],"curies":[{"name":"wp","href":"https:\/\/api.w.org\/{rel}","templated":true}]}}