{"id":4506,"date":"2018-03-23T20:03:22","date_gmt":"2018-03-23T18:03:22","guid":{"rendered":"https:\/\/centers.ulbsibiu.ro\/ccsprise\/lact\/?p=4506"},"modified":"2018-03-23T20:03:22","modified_gmt":"2018-03-23T18:03:22","slug":"gov-md-delegatia-transnistreana-in-cuc-continua-sa-sfideze-securitatea-in-zona-si-insista-pe-consolidarea-structurilor-sale-de-forta-in-zona-de-securitate","status":"publish","type":"post","link":"https:\/\/centers.ulbsibiu.ro\/ccsprise\/lact\/gov-md-delegatia-transnistreana-in-cuc-continua-sa-sfideze-securitatea-in-zona-si-insista-pe-consolidarea-structurilor-sale-de-forta-in-zona-de-securitate\/","title":{"rendered":"Gov.md &#8211; Delega\u021bia transnistrean\u0103 \u00een CUC continu\u0103 s\u0103 sfideze securitatea \u00een zon\u0103 \u0219i insist\u0103 pe consolidarea structurilor sale de for\u021b\u0103 \u00een zona de securitate"},"content":{"rendered":"<p>La 22 martie 2018 Comisia Unificat\u0103 de Control s-a \u00eentrunit \u00een or. Bender \u00een \u015fedin\u0163\u0103 neordinar\u0103, care a fost prezidat\u0103 de delega\u021bia Federa\u021biei Ruse. \u00cen cadrul \u015fedin\u0163ei s-au examinat 2 subiecte.<\/p>\n<p>La propunerea delega\u0163iei ruse, CUC a eliberat din func\u021bie doi observatori militari din partea Federa\u021biei Ruse. Comisia a aprobat de asemenea raportul s\u0103pt\u0103m\u00e2nal al Comandamentului Militar \u00centrunit (CM\u00ce) privind situa\u0163ia \u00een Zona de Securitate pe perioada 14 \u2013 21 martie 2018.<\/p>\n<p>Delega\u021bia Republicii Moldova a difuzat informa\u021bia IP Bender, potrivit c\u0103reia, \u00eencep\u00e2nd cu luna martie 2018, pe perioada zilei, a.n. \u201dstructuri de for\u021b\u0103 transnistrene\u201d au intodus \u00een mod ilegal \u00een or. Bender, raion cu regim sporit de securitate, 2 posturi mobile formate din 3 persoane \u00een echipament militar, care efectueaz\u0103 controlul persoanelor sub pretextul respect\u0103rii \u201dlegisla\u021biei migra\u021bionale\u201d a regiunii transnisnistrene.<\/p>\n<p>Abord\u00e2nd chestiunea redeschiderii circula\u021biei pe podul peste r. Nistru din preajma satelor Gura B\u00e2cului \u0219i B\u00e2cioc, delega\u021bia transnistrean\u0103 a distribuit o adresare, prin care a confirmat \u00een mod repetat c\u0103 reprezentan\u0163ii Tiraspolului nu vor renun\u0163a la modificarea infrastructurii postului instalat deja \u00een s. B\u00e2cioc \u015fi c\u0103 au m\u0103rit efectivul acestuia p\u00e2n\u0103 la 8 angaja\u021bi: \u201dgr\u0103niceri\u201d, \u201dmili\u021bieni din cadrul serviciului migra\u021bional\u201d \u0219i \u201dvame\u015fi\u201d, care vor fi abilita\u0163i \u00eenregistrarea \u0219i controlul obligatoriu al tuturor cet\u0103\u021benilor \u0219i mijloacelor de transport ce vor circula peste pod.<\/p>\n<p>Pentru a fi mai conving\u0103tori, transnistrenii au difuzat \u0219i o adresare a administra\u021biei s. B\u00e2cioc \u00een sus\u021binerea construc\u021biei unei \u201dparc\u0103ri\u201d auto pentru mijloacele de transport de mare tonaj. Astfel, ei \u015fi-au confirmat, de fapt, inten\u021bia de a amenaja \u00een timpul apropiat o a\u0219a-numit\u0103 \u201dparcare\u201d cu infrastructura \u0219i func\u021bionalitatea unui terminal vamal veritabil pentru diferite categorii de transport. Aceste ac\u021biuni unilaterale reprezint\u0103 o dovad\u0103 incontestabil\u0103 a faptului c\u0103 partea transnistrean\u0103 refuz\u0103 s\u0103 respecte regimul Zonei de Securitate \u0219i angajamentele publice asumate anterior de c\u0103tre liderul de la Tiraspol.<\/p>\n<p>Misiunea OSCE \u00een Republica Moldova a oferit tuturor componentelor For\u021belor Mixte de Pacificare c\u00e2te un set de tehnic\u0103 de calcul, aparate foto, scanere, copiatoare \u0219i GPS, care vor fi utilizate \u00een activitatea curent\u0103 a grupurilor de observatori militari.<\/p>\n<p>Urm\u0103toarea \u0219edin\u021b\u0103 a CUC va fi pe 29 martie 2018.<\/p>\n<p>&nbsp;<\/p>\n<p><strong>Delega\u021bia Republicii Moldova \u00een CUC<\/strong><\/p>\n<p>&nbsp;<\/p>\n<p>Sursa:\u00a0<a href=\"http:\/\/gov.md\/ro\/content\/delegatia-transnistreana-cuc-continua-sa-sfideze-securitatea-zona-si-insista-pe-consolidarea\">http:\/\/gov.md\/<\/a><\/p>\n","protected":false},"excerpt":{"rendered":"<p>La 22 martie 2018 Comisia Unificat\u0103 de Control s-a \u00eentrunit \u00een or. Bender \u00een \u015fedin\u0163\u0103 neordinar\u0103, care a fost prezidat\u0103 de delega\u021bia Federa\u021biei Ruse. \u00cen cadrul \u015fedin\u0163ei s-au examinat 2 subiecte. La propunerea delega\u0163iei ruse, CUC a eliberat din func\u021bie doi observatori militari din partea Federa\u021biei Ruse. Comisia a aprobat de asemenea raportul s\u0103pt\u0103m\u00e2nal al&#8230;<\/p>\n","protected":false},"author":2,"featured_media":0,"comment_status":"closed","ping_status":"open","sticky":false,"template":"","format":"standard","meta":[],"categories":[1],"tags":[],"_links":{"self":[{"href":"https:\/\/centers.ulbsibiu.ro\/ccsprise\/lact\/wp-json\/wp\/v2\/posts\/4506"}],"collection":[{"href":"https:\/\/centers.ulbsibiu.ro\/ccsprise\/lact\/wp-json\/wp\/v2\/posts"}],"about":[{"href":"https:\/\/centers.ulbsibiu.ro\/ccsprise\/lact\/wp-json\/wp\/v2\/types\/post"}],"author":[{"embeddable":true,"href":"https:\/\/centers.ulbsibiu.ro\/ccsprise\/lact\/wp-json\/wp\/v2\/users\/2"}],"replies":[{"embeddable":true,"href":"https:\/\/centers.ulbsibiu.ro\/ccsprise\/lact\/wp-json\/wp\/v2\/comments?post=4506"}],"version-history":[{"count":1,"href":"https:\/\/centers.ulbsibiu.ro\/ccsprise\/lact\/wp-json\/wp\/v2\/posts\/4506\/revisions"}],"predecessor-version":[{"id":4507,"href":"https:\/\/centers.ulbsibiu.ro\/ccsprise\/lact\/wp-json\/wp\/v2\/posts\/4506\/revisions\/4507"}],"wp:attachment":[{"href":"https:\/\/centers.ulbsibiu.ro\/ccsprise\/lact\/wp-json\/wp\/v2\/media?parent=4506"}],"wp:term":[{"taxonomy":"category","embeddable":true,"href":"https:\/\/centers.ulbsibiu.ro\/ccsprise\/lact\/wp-json\/wp\/v2\/categories?post=4506"},{"taxonomy":"post_tag","embeddable":true,"href":"https:\/\/centers.ulbsibiu.ro\/ccsprise\/lact\/wp-json\/wp\/v2\/tags?post=4506"}],"curies":[{"name":"wp","href":"https:\/\/api.w.org\/{rel}","templated":true}]}}