{"id":4504,"date":"2018-03-23T19:58:44","date_gmt":"2018-03-23T17:58:44","guid":{"rendered":"https:\/\/centers.ulbsibiu.ro\/ccsprise\/lact\/?p=4504"},"modified":"2018-03-23T19:58:44","modified_gmt":"2018-03-23T17:58:44","slug":"infotag-md-ambasadorul-cehiei-a-efectuat-o-vizita-de-documentare-la-compania-textila-tirotex-din-tiraspol","status":"publish","type":"post","link":"https:\/\/centers.ulbsibiu.ro\/ccsprise\/lact\/infotag-md-ambasadorul-cehiei-a-efectuat-o-vizita-de-documentare-la-compania-textila-tirotex-din-tiraspol\/","title":{"rendered":"Infotag.md &#8211; AMBASADORUL CEHIEI A EFECTUAT O VIZIT\u0102 DE DOCUMENTARE LA COMPANIA TEXTIL\u0102 \u201eTIROTEX\u201d DIN TIRASPOL"},"content":{"rendered":"<p>Ambasadorul Cehiei \u00een Moldova, Zdenek Krejci, a efectuat \u00een ajun o vizit\u0103 de documentare la compania textil\u0103 \u201eTirotex\u201d din Tiraspol, unde s-a \u00eent\u00e2lnit cu directorul general al acesteia, Andrei Mejinski.<\/p>\n<p>Potrivit agen\u0163iei INFOTAG cu referire la site-ul celei mai mare \u00eentreprinderi din autoproclamata RMN, \u00een cadrul \u00eent\u00e2lnirii de afaceri au fost discutate \u201echestiuni de posibil\u0103 interac\u021biune \u0219i intensificare a cooper\u0103rii interregionale\u201d.<\/p>\n<p>\u201eRela\u021biile noastre comerciale cu Cehia timp de \u0219apte ani au deja un caracter dinamic. Anul trecut, pe pia\u021ba ceh\u0103 au fost exportate circa 1,3 mil. de metri de \u021bes\u0103turi. Asortimentul de produse textile preferate este foarte divers, dar cea mai mare parte revine materialului finit \u2013 stamb\u0103 \u0219i crep. \u00centr-o anumit\u0103 m\u0103sur\u0103, companiile cehe sunt interesate \u0219i de satin \u0219i flanel\u0103\u201d, a spus directorul.<\/p>\n<p>Potrivit lui, \u00eentreprinderea a stabilit un \u201esistem strict de control al calit\u0103\u021bii, ca o component\u0103 important\u0103 \u00een activitatea de produc\u021bie\u201d.<\/p>\n<p>\u201eSuntem supu\u015fi anual \u0219i auditului social, \u00een conformitate cu cerin\u021bele companiei Walt Disney. Datorit\u0103 acestui fapt, unul dintre partenerii cehi care de\u021bine licen\u021ba acestei companii are posibilitatea s\u0103 plaseze comenzi la \u201eTirotex\u201d pentru producerea \u021bes\u0103turilor cu imagini ale eroilor din desenele animate\u201d, a spus Mejinski.<\/p>\n<p>El a efectuat o excursie pentru oaspe\u021bii cehi \u0219i le-a ar\u0103tat toate etapele produc\u021biei textile \u2013 de la prelucrarea bumbacului p\u00e2n\u0103 la scoaterea produsului finit spre v\u00e2nzare.<\/p>\n<p>Potrivit comunicatului, Zdenek Krejci \u201es-a interesat \u0219i a fost uimit de tehnologiile avansat\u0103 implementate \u00een procesul de produc\u0163ie la \u00eentreprindere, care joac\u0103 un rol esen\u021bial \u00een dezvoltarea sectorului industriei u\u0219oare a Transnistriei\u201d.<\/p>\n<p>\u00cen cadrul vizitei la Tiraspol, diplomatul s-a \u00eent\u00e2lnit cu ministrul de Externe al regiunii, Vitalii Ignatiev, care a remarcat \u201eintensitatea \u00eenalt\u0103 a cooper\u0103rii dintre Transnistria \u0219i Republica Ceh\u0103 \u00een domeniul cultural, economic \u0219i umanitar\u201d.<\/p>\n<p>Ignatiev a vorbit detaliat despre situa\u021bia \u00een procesul de negocieri \u00eentre Transnistria \u0219i Moldova, men\u021bion\u00e2nd, \u00een special, progresele \u00eenregistrate \u00een realizarea acordurilor privind func\u021bionarea \u0219colilor moldovene\u0219ti cu predare \u00een grafie latin\u0103, utilizarea terenurilor agricole din raionul Dub\u0103sari \u0219i apostilarea diplomelor transnistrene.<\/p>\n<p>Sursa:\u00a0<a href=\"http:\/\/www.infotag.md\/rebelion-ro\/261156\/\">http:\/\/www.infotag.md<\/a><\/p>\n","protected":false},"excerpt":{"rendered":"<p>Ambasadorul Cehiei \u00een Moldova, Zdenek Krejci, a efectuat \u00een ajun o vizit\u0103 de documentare la compania textil\u0103 \u201eTirotex\u201d din Tiraspol, unde s-a \u00eent\u00e2lnit cu directorul general al acesteia, Andrei Mejinski. Potrivit agen\u0163iei INFOTAG cu referire la site-ul celei mai mare \u00eentreprinderi din autoproclamata RMN, \u00een cadrul \u00eent\u00e2lnirii de afaceri au fost discutate \u201echestiuni de posibil\u0103&#8230;<\/p>\n","protected":false},"author":2,"featured_media":0,"comment_status":"closed","ping_status":"open","sticky":false,"template":"","format":"standard","meta":[],"categories":[1],"tags":[],"_links":{"self":[{"href":"https:\/\/centers.ulbsibiu.ro\/ccsprise\/lact\/wp-json\/wp\/v2\/posts\/4504"}],"collection":[{"href":"https:\/\/centers.ulbsibiu.ro\/ccsprise\/lact\/wp-json\/wp\/v2\/posts"}],"about":[{"href":"https:\/\/centers.ulbsibiu.ro\/ccsprise\/lact\/wp-json\/wp\/v2\/types\/post"}],"author":[{"embeddable":true,"href":"https:\/\/centers.ulbsibiu.ro\/ccsprise\/lact\/wp-json\/wp\/v2\/users\/2"}],"replies":[{"embeddable":true,"href":"https:\/\/centers.ulbsibiu.ro\/ccsprise\/lact\/wp-json\/wp\/v2\/comments?post=4504"}],"version-history":[{"count":1,"href":"https:\/\/centers.ulbsibiu.ro\/ccsprise\/lact\/wp-json\/wp\/v2\/posts\/4504\/revisions"}],"predecessor-version":[{"id":4505,"href":"https:\/\/centers.ulbsibiu.ro\/ccsprise\/lact\/wp-json\/wp\/v2\/posts\/4504\/revisions\/4505"}],"wp:attachment":[{"href":"https:\/\/centers.ulbsibiu.ro\/ccsprise\/lact\/wp-json\/wp\/v2\/media?parent=4504"}],"wp:term":[{"taxonomy":"category","embeddable":true,"href":"https:\/\/centers.ulbsibiu.ro\/ccsprise\/lact\/wp-json\/wp\/v2\/categories?post=4504"},{"taxonomy":"post_tag","embeddable":true,"href":"https:\/\/centers.ulbsibiu.ro\/ccsprise\/lact\/wp-json\/wp\/v2\/tags?post=4504"}],"curies":[{"name":"wp","href":"https:\/\/api.w.org\/{rel}","templated":true}]}}