{"id":4499,"date":"2018-03-22T19:50:45","date_gmt":"2018-03-22T17:50:45","guid":{"rendered":"https:\/\/centers.ulbsibiu.ro\/ccsprise\/lact\/?p=4499"},"modified":"2018-03-22T19:50:45","modified_gmt":"2018-03-22T17:50:45","slug":"infotag-md-grigori-karasin-problema-transnistreana-poate-fi-solutionata-doar-prin-compromis","status":"publish","type":"post","link":"https:\/\/centers.ulbsibiu.ro\/ccsprise\/lact\/infotag-md-grigori-karasin-problema-transnistreana-poate-fi-solutionata-doar-prin-compromis\/","title":{"rendered":"Infotag.md &#8211; GRIGORI KARASIN: PROBLEMA TRANSNISTREAN\u0102 POATE FI SOLU\u0162IONAT\u0102 DOAR PRIN COMPROMIS"},"content":{"rendered":"<p>Problema transnistrean\u0103 poate fi solu\u0163ionat\u0103 doar printr-un compromis echilibrat \u015fi bine chibzuit, elaborat de p\u0103r\u0163ile conflictului cu contribu\u0163ia mediatorilor interna\u0163ionali, consider\u0103 vicempremierul rus de Externe, Grigori Karasin. Despre aceasta el a declarat la finele vizitei sale de trei zile \u00een Moldova.<\/p>\n<p>Potrivit agen\u0163iei INFOTAG cu referire la un comunicat plasat pe site-ul MAE al Rusiei despre rezultatele vizitei, el a reiterat disponibilitatea Rusiei, \u201eca \u021bar\u0103 garant \u0219i mediator \u00een procesul de negocieri, s\u0103 contribuie la promovarea dialogului dintre Chi\u0219in\u0103u \u0219i Tiraspol\u201d.<\/p>\n<p>\u201eP\u0103r\u021bile au subliniat necesitatea unei munci ritmice \u0219i consecvente a formatului \u201e5+2\u201d, precum \u0219i \u00eendeplinirea strict\u0103 a \u00een\u0163elegerilor practice atinse \u00een noiembrie 2017\u201d, sus\u0163ine MAE.<\/p>\n<p>Potrivit comunicatului, \u00een cadrul vizitei \u201ea fost subliniat\u0103 caracterul contraproductiv al apelurilor pe platformele interna\u021bionale, inclusiv la Organiza\u021bia Na\u021biunilor Unite, privind retragerea trupelor ruse de pe teritoriul Republicii Moldova, deoarece acest lucru doar va agrava situa\u021bia \u0219i \u00eengreuneaz\u0103 dialogul privind reglementarea conflictului transnistrean\u201d.<\/p>\n<p>\u201eSchimbul de opinii a fost axat pe starea \u0219i perspectivele rela\u021biilor ruso-moldovene\u0219ti. Starea lor actual\u0103 nu corespunde poten\u021bialului disponibil \u0219i necesit\u0103 ac\u021biuni comune pentru redresare \u0219i activizare. Dialogul la cel mai \u00eenalt nivel creeaz\u0103 condi\u021biile necesare pentru acest lucru. Au fost discutate etapele concrete \u00een aceast\u0103 direc\u021bie, se spune \u00een comunicat.<\/p>\n<p>Sursa:\u00a0<a href=\"http:\/\/www.infotag.md\/rebelion-ro\/261134\/\">http:\/\/www.infotag.md\/<\/a><\/p>\n","protected":false},"excerpt":{"rendered":"<p>Problema transnistrean\u0103 poate fi solu\u0163ionat\u0103 doar printr-un compromis echilibrat \u015fi bine chibzuit, elaborat de p\u0103r\u0163ile conflictului cu contribu\u0163ia mediatorilor interna\u0163ionali, consider\u0103 vicempremierul rus de Externe, Grigori Karasin. Despre aceasta el a declarat la finele vizitei sale de trei zile \u00een Moldova. Potrivit agen\u0163iei INFOTAG cu referire la un comunicat plasat pe site-ul MAE al Rusiei&#8230;<\/p>\n","protected":false},"author":2,"featured_media":0,"comment_status":"closed","ping_status":"open","sticky":false,"template":"","format":"standard","meta":[],"categories":[1],"tags":[],"_links":{"self":[{"href":"https:\/\/centers.ulbsibiu.ro\/ccsprise\/lact\/wp-json\/wp\/v2\/posts\/4499"}],"collection":[{"href":"https:\/\/centers.ulbsibiu.ro\/ccsprise\/lact\/wp-json\/wp\/v2\/posts"}],"about":[{"href":"https:\/\/centers.ulbsibiu.ro\/ccsprise\/lact\/wp-json\/wp\/v2\/types\/post"}],"author":[{"embeddable":true,"href":"https:\/\/centers.ulbsibiu.ro\/ccsprise\/lact\/wp-json\/wp\/v2\/users\/2"}],"replies":[{"embeddable":true,"href":"https:\/\/centers.ulbsibiu.ro\/ccsprise\/lact\/wp-json\/wp\/v2\/comments?post=4499"}],"version-history":[{"count":1,"href":"https:\/\/centers.ulbsibiu.ro\/ccsprise\/lact\/wp-json\/wp\/v2\/posts\/4499\/revisions"}],"predecessor-version":[{"id":4500,"href":"https:\/\/centers.ulbsibiu.ro\/ccsprise\/lact\/wp-json\/wp\/v2\/posts\/4499\/revisions\/4500"}],"wp:attachment":[{"href":"https:\/\/centers.ulbsibiu.ro\/ccsprise\/lact\/wp-json\/wp\/v2\/media?parent=4499"}],"wp:term":[{"taxonomy":"category","embeddable":true,"href":"https:\/\/centers.ulbsibiu.ro\/ccsprise\/lact\/wp-json\/wp\/v2\/categories?post=4499"},{"taxonomy":"post_tag","embeddable":true,"href":"https:\/\/centers.ulbsibiu.ro\/ccsprise\/lact\/wp-json\/wp\/v2\/tags?post=4499"}],"curies":[{"name":"wp","href":"https:\/\/api.w.org\/{rel}","templated":true}]}}