{"id":4495,"date":"2018-03-21T21:31:45","date_gmt":"2018-03-21T19:31:45","guid":{"rendered":"https:\/\/centers.ulbsibiu.ro\/ccsprise\/lact\/?p=4495"},"modified":"2018-03-21T21:31:45","modified_gmt":"2018-03-21T19:31:45","slug":"osce-org-misiunea-osce-in-moldova-va-transmite-seturi-de-echipament-observatorilor-militari-din-cadrul-fortelor-mixte-de-mentinere-a-pacii","status":"publish","type":"post","link":"https:\/\/centers.ulbsibiu.ro\/ccsprise\/lact\/osce-org-misiunea-osce-in-moldova-va-transmite-seturi-de-echipament-observatorilor-militari-din-cadrul-fortelor-mixte-de-mentinere-a-pacii\/","title":{"rendered":"Osce.org &#8211; Misiunea OSCE \u00een Moldova va transmite seturi de echipament observatorilor militari din cadrul For\u021belor mixte de men\u021binere a p\u0103cii"},"content":{"rendered":"<p>CHI\u0218IN\u0102U, 20 martie 2018 \u2013 Misiunea OSCE \u00een Moldova va transmite patru seturi de echipament tehnic observatorilor militari din partea Republicii Moldova, ai regiunii Transnistrene, Federa\u021biei Ruse \u0219i Ucrainei din cadrul For\u021belor mixte de men\u021binere a p\u0103cii la \u0219edin\u021ba Comisiei Unificate de Control (CUC), care va avea loc joi, 22 martie. Echipamentul include notebook-uri, imprimante color, navigatoare GPS portabile \u0219i aparate foto, \u0219i a fost achizi\u021bionat la cererea CUC pentru a \u00eembun\u0103t\u0103\u021bi schimbul de informa\u021bii \u00eentre observatorii militari \u0219i CUC despre situa\u021bia \u00een Zona de Securitate.<\/p>\n<p>\u201eDup\u0103 cum a remarcat Franco Frattini, Reprezentantul Special al Pre\u0219edintelui \u00een exerci\u021biu al OSCE, activitatea CUC \u0219i a contingentului de men\u021binere a p\u0103cii nu se limiteaz\u0103 doar la asigurarea securit\u0103\u021bii \u2013 acestea trebuie s\u0103 asigure \u0219i libera circula\u021bie \u00een Zona de Securitate. Sper c\u0103 echipamentul care urmeaz\u0103 a fi donat va ajuta CUC s\u0103 realizeze acest obiectiv\u201d, a declarat Ambasadorul Michael Scanlan, \u0218eful Misiunii OSCE \u00een Moldova. \u201e\u00cen acest sens, men\u021bionez recenta declara\u021bie a liderului transnistrean, care a spus c\u0103 nu va avea loc extinderea terminalelor sau a punctelor de control \u00een apropierea podului dintre Gura B\u00eecului \u0219i B\u00eecioc. Sper c\u0103 acest angajament va fi reflectat \u00eentr-o decizie protocolar\u0103 a CUC\u201d, a concluzionat Scanlan.<\/p>\n<p>\u00cen concordan\u021b\u0103 cu spiritul deschiderii recente a podului dintre Gura B\u00eecului \u0219i B\u00eecioc, fluxul liber al transportului auto peste aceast\u0103 arter\u0103 civil\u0103 important\u0103 este str\u00e2ns legat de libertatea de circula\u021bie, precum a declarat Frattini \u00een <a href=\"https:\/\/www.osce.org\/ro\/chairmanship\/375499\">comunicatul s\u0103u de pres\u0103 din 16 martie<\/a>.<\/p>\n<p>Misiunea OSCE \u00een Moldova particip\u0103 la CUC din 1994 \u00een calitate de observator \u0219i patruleaz\u0103 \u00eentreaga Zon\u0103 de Securitate.<\/p>\n<p>Sursa:\u00a0<a href=\"https:\/\/www.osce.org\/ro\/mission-to-moldova\/375730\">https:\/\/www.osce.org\/<\/a><\/p>\n","protected":false},"excerpt":{"rendered":"<p>CHI\u0218IN\u0102U, 20 martie 2018 \u2013 Misiunea OSCE \u00een Moldova va transmite patru seturi de echipament tehnic observatorilor militari din partea Republicii Moldova, ai regiunii Transnistrene, Federa\u021biei Ruse \u0219i Ucrainei din cadrul For\u021belor mixte de men\u021binere a p\u0103cii la \u0219edin\u021ba Comisiei Unificate de Control (CUC), care va avea loc joi, 22 martie. Echipamentul include notebook-uri, imprimante&#8230;<\/p>\n","protected":false},"author":2,"featured_media":0,"comment_status":"closed","ping_status":"open","sticky":false,"template":"","format":"standard","meta":[],"categories":[1],"tags":[],"_links":{"self":[{"href":"https:\/\/centers.ulbsibiu.ro\/ccsprise\/lact\/wp-json\/wp\/v2\/posts\/4495"}],"collection":[{"href":"https:\/\/centers.ulbsibiu.ro\/ccsprise\/lact\/wp-json\/wp\/v2\/posts"}],"about":[{"href":"https:\/\/centers.ulbsibiu.ro\/ccsprise\/lact\/wp-json\/wp\/v2\/types\/post"}],"author":[{"embeddable":true,"href":"https:\/\/centers.ulbsibiu.ro\/ccsprise\/lact\/wp-json\/wp\/v2\/users\/2"}],"replies":[{"embeddable":true,"href":"https:\/\/centers.ulbsibiu.ro\/ccsprise\/lact\/wp-json\/wp\/v2\/comments?post=4495"}],"version-history":[{"count":1,"href":"https:\/\/centers.ulbsibiu.ro\/ccsprise\/lact\/wp-json\/wp\/v2\/posts\/4495\/revisions"}],"predecessor-version":[{"id":4496,"href":"https:\/\/centers.ulbsibiu.ro\/ccsprise\/lact\/wp-json\/wp\/v2\/posts\/4495\/revisions\/4496"}],"wp:attachment":[{"href":"https:\/\/centers.ulbsibiu.ro\/ccsprise\/lact\/wp-json\/wp\/v2\/media?parent=4495"}],"wp:term":[{"taxonomy":"category","embeddable":true,"href":"https:\/\/centers.ulbsibiu.ro\/ccsprise\/lact\/wp-json\/wp\/v2\/categories?post=4495"},{"taxonomy":"post_tag","embeddable":true,"href":"https:\/\/centers.ulbsibiu.ro\/ccsprise\/lact\/wp-json\/wp\/v2\/tags?post=4495"}],"curies":[{"name":"wp","href":"https:\/\/api.w.org\/{rel}","templated":true}]}}