{"id":4493,"date":"2018-03-21T16:54:16","date_gmt":"2018-03-21T14:54:16","guid":{"rendered":"https:\/\/centers.ulbsibiu.ro\/ccsprise\/lact\/?p=4493"},"modified":"2018-03-21T16:54:16","modified_gmt":"2018-03-21T14:54:16","slug":"infotag-md-osce-spera-ca-angajamentul-transnistriei-de-a-nu-extinde-punctele-de-control-va-fi-reflectat-intr-o-decizie-a-cuc","status":"publish","type":"post","link":"https:\/\/centers.ulbsibiu.ro\/ccsprise\/lact\/infotag-md-osce-spera-ca-angajamentul-transnistriei-de-a-nu-extinde-punctele-de-control-va-fi-reflectat-intr-o-decizie-a-cuc\/","title":{"rendered":"Infotag.md &#8211; OSCE SPER\u0102 C\u0102 ANGAJAMENTUL TRANSNISTRIEI DE A NU EXTINDE PUNCTELE DE CONTROL VA FI REFLECTAT \u00ceNTR-O DECIZIE A CUC"},"content":{"rendered":"<p>Misiunea OSCE \u00een Moldova va transmite la \u0219edin\u021ba Comisiei Unificate de Control (CUC), care va avea loc joi, 22 martie, patru seturi de echipament tehnic observatorilor militari din partea Republicii Moldova, ai regiunii Transnistrene, Federa\u021biei Ruse \u0219i Ucrainei din cadrul For\u021belor mixte de men\u021binere a p\u0103cii.<\/p>\n<p>Potrivit unui comunicat al OSCE, citat de agen\u0163ia INFOTAG, echipamentul include notebook-uri, imprimante color, navigatoare GPS portabile \u0219i aparate foto \u0219i a fost achizi\u021bionat la cererea CUC pentru a \u00eembun\u0103t\u0103\u021bi schimbul de informa\u021bii \u00eentre observatorii militari \u0219i CUC despre situa\u021bia \u00een Zona de Securitate.<\/p>\n<p>\u201eDup\u0103 cum a remarcat reprezentantul special al Pre\u0219edintelui \u00een exerci\u021biu al OSCE, Franco Frattini, activitatea CUC \u0219i a contingentului de men\u021binere a p\u0103cii nu se limiteaz\u0103 doar la asigurarea securit\u0103\u021bii \u2013 acestea trebuie s\u0103 asigure \u0219i libera circula\u021bie \u00een Zona de Securitate. Sper c\u0103 echipamentul care urmeaz\u0103 a fi donat va ajuta CUC s\u0103 realizeze acest obiectiv\u201d, a declarat Ambasadorul Michael Scanlan, \u015feful Misiunii OSCE \u00een Moldova.<\/p>\n<p>El s-a referit la recenta declara\u021bie a liderului transnistrean, care a spus c\u0103 nu va avea loc extinderea terminalelor sau a punctelor de control \u00een apropierea podului dintre Gura B\u00eecului \u0219i B\u00eecioc.<\/p>\n<p>\u201eSper c\u0103 acest angajament va fi reflectat \u00eentr-o decizie protocolar\u0103 a CUC\u201d, a subliniat Scanlan.<\/p>\n<p>Dup\u0103 cum a informat anterior INFOTAG, Misiunea OSCE \u00een Moldova particip\u0103 la CUC din 1994 \u00een calitate de observator \u0219i patruleaz\u0103 \u00eentreaga Zon\u0103 de Securitate. La \u00eenceputul s\u0103pt\u0103m\u00e2nii viitoare, Franco Frattini va efectua prima sa vizit\u0103 la Chi\u015fin\u0103u \u015fi Tiraspol \u00een calitate de reprezentant special al OSCE.<\/p>\n<p>Sursa:\u00a0<a href=\"http:\/\/www.infotag.md\/rebelion-ro\/260978\/\">http:\/\/www.infotag.md\/<\/a><\/p>\n","protected":false},"excerpt":{"rendered":"<p>Misiunea OSCE \u00een Moldova va transmite la \u0219edin\u021ba Comisiei Unificate de Control (CUC), care va avea loc joi, 22 martie, patru seturi de echipament tehnic observatorilor militari din partea Republicii Moldova, ai regiunii Transnistrene, Federa\u021biei Ruse \u0219i Ucrainei din cadrul For\u021belor mixte de men\u021binere a p\u0103cii. Potrivit unui comunicat al OSCE, citat de agen\u0163ia INFOTAG,&#8230;<\/p>\n","protected":false},"author":2,"featured_media":0,"comment_status":"closed","ping_status":"open","sticky":false,"template":"","format":"standard","meta":[],"categories":[1],"tags":[],"_links":{"self":[{"href":"https:\/\/centers.ulbsibiu.ro\/ccsprise\/lact\/wp-json\/wp\/v2\/posts\/4493"}],"collection":[{"href":"https:\/\/centers.ulbsibiu.ro\/ccsprise\/lact\/wp-json\/wp\/v2\/posts"}],"about":[{"href":"https:\/\/centers.ulbsibiu.ro\/ccsprise\/lact\/wp-json\/wp\/v2\/types\/post"}],"author":[{"embeddable":true,"href":"https:\/\/centers.ulbsibiu.ro\/ccsprise\/lact\/wp-json\/wp\/v2\/users\/2"}],"replies":[{"embeddable":true,"href":"https:\/\/centers.ulbsibiu.ro\/ccsprise\/lact\/wp-json\/wp\/v2\/comments?post=4493"}],"version-history":[{"count":1,"href":"https:\/\/centers.ulbsibiu.ro\/ccsprise\/lact\/wp-json\/wp\/v2\/posts\/4493\/revisions"}],"predecessor-version":[{"id":4494,"href":"https:\/\/centers.ulbsibiu.ro\/ccsprise\/lact\/wp-json\/wp\/v2\/posts\/4493\/revisions\/4494"}],"wp:attachment":[{"href":"https:\/\/centers.ulbsibiu.ro\/ccsprise\/lact\/wp-json\/wp\/v2\/media?parent=4493"}],"wp:term":[{"taxonomy":"category","embeddable":true,"href":"https:\/\/centers.ulbsibiu.ro\/ccsprise\/lact\/wp-json\/wp\/v2\/categories?post=4493"},{"taxonomy":"post_tag","embeddable":true,"href":"https:\/\/centers.ulbsibiu.ro\/ccsprise\/lact\/wp-json\/wp\/v2\/tags?post=4493"}],"curies":[{"name":"wp","href":"https:\/\/api.w.org\/{rel}","templated":true}]}}