{"id":4489,"date":"2018-03-21T16:24:43","date_gmt":"2018-03-21T14:24:43","guid":{"rendered":"https:\/\/centers.ulbsibiu.ro\/ccsprise\/lact\/?p=4489"},"modified":"2018-03-21T16:24:43","modified_gmt":"2018-03-21T14:24:43","slug":"infotag-md-liderul-de-la-tiraspol-a-criticat-caracterul-unilateral-al-statutului-de-neutralitate-al-moldovei","status":"publish","type":"post","link":"https:\/\/centers.ulbsibiu.ro\/ccsprise\/lact\/infotag-md-liderul-de-la-tiraspol-a-criticat-caracterul-unilateral-al-statutului-de-neutralitate-al-moldovei\/","title":{"rendered":"Infotag.md &#8211; LIDERUL DE LA TIRASPOL A CRITICAT \u201eCARACTERUL UNILATERAL\u201d AL STATUTULUI DE NEUTRALITATE AL MOLDOVEI"},"content":{"rendered":"<p>Pre\u0219edintele autoproclamatei RMN, Vadim Krasnoselski, a criticat \u201era\u021bionamentele cercurilor politice \u00eenalte ale Moldovei referitor la un oarecare statut al ei neutru\u201d, men\u021bion\u00e2nd c\u0103 acestea sunt lansate \u00een contextul deschiderii Biroului NATO \u00een republic\u0103 \u0219i desf\u0103\u0219ur\u0103rii de c\u0103tre militarii moldoveni a exerci\u021biilor militare comune cu Alian\u021ba Nord-Atlantic\u0103\u201d.<\/p>\n<p>Potrivit agen\u0163iei INFOTAG cu referire la site-ul liderului de la Tiraspol, despre aceasta el a declarat \u00een ajun, \u00een cadrul unei \u00eent\u00e2lniri cu angaja\u0163ii structurilor de for\u021b\u0103, organelor de drept \u015fi structurilor fiscale din Bender.<\/p>\n<p>\u201eToate acestea nu \u00eempiedic\u0103 statutul neutr\u0103 al acestui stat. Deoarece exerci\u021biile comune nu sunt interzise, iar statutul de neutralitate permite acest lucru. Sunt interzise numai bazele militare. Cine la noi are o baz\u0103 militar\u0103? Rusia. Domnul Dodon (Pre\u0219edintele Republicii Moldova \u2013 \u201eI.\u201d) spune clar chiar \u0219i ultimul s\u0103u interviu c\u0103, odat\u0103 rezolvat\u0103 \u201eproblema transnistrean\u0103\u201c, problema prezen\u021bei militare ruse se va rezolva de la sine. Trupele ruse\u0219ti vor fi retrase de aici. Neutralitatea este unilateral\u0103. \u00cen spatele acestor cuvinte se ascund lucruri destul de perfide\u201d, consider\u0103 Krasnoselski.<\/p>\n<p>El a criticat \u015fi \u201eatitudinea prorus\u0103 mimat\u0103 de pre\u0219edintele moldovean, care a pledeaz\u0103 pentru retragerea trupelor ruse\u0219ti, pentru lichidarea Transnistriei, renun\u0163\u00e2nd deja la federalizare, vorbind despre un oarecare statut special, adic\u0103 de o rezerva\u0163ie pentru transnistreni\u201d.<\/p>\n<p>Potrivit liderului de la Tiraspol, sistemele juridice ale Transnistriei \u0219i Moldovei \u201enu ne permit s\u0103 discut\u0103m despre schimbarea formei de existen\u021b\u0103: ambele republici sunt state unitare\u201d.<\/p>\n<p>\u201eNu putem \u00eenc\u0103lca legisla\u0163ia statelor noastre. \u00cen caz contrar, aceasta va fi o crim\u0103 de stat, o tr\u0103dare a intereselor poporului. C\u00e2nd se spune c\u0103 elitele nu pot ajunge la un numitor, aceasta nu este adev\u0103rat. Trebuie respectat\u0103 legisla\u021bia \u00een vigoare. \u00cen baza legisla\u021biei noastre, noi nu putem vorbi despre integrare, federalizare \u0219i statut special. \u00cen baza Constitu\u021biei \u00een vigoare, noi putem vorbi doar despre un stat independent \u2013 RMN. Nu mai lupt\u0103m pentru independen\u021b\u0103. Noi o sus\u0163inem, c\u0103ci deja am ob\u021binut independen\u021b\u0103 \u0219i vrem recunoa\u0219tere\u201d, a subliniat Krasnoselski.<\/p>\n<p>Sursa:\u00a0<a href=\"http:\/\/www.infotag.md\/rebelion-ro\/261004\/\">http:\/\/www.infotag.md\/<\/a><\/p>\n","protected":false},"excerpt":{"rendered":"<p>Pre\u0219edintele autoproclamatei RMN, Vadim Krasnoselski, a criticat \u201era\u021bionamentele cercurilor politice \u00eenalte ale Moldovei referitor la un oarecare statut al ei neutru\u201d, men\u021bion\u00e2nd c\u0103 acestea sunt lansate \u00een contextul deschiderii Biroului NATO \u00een republic\u0103 \u0219i desf\u0103\u0219ur\u0103rii de c\u0103tre militarii moldoveni a exerci\u021biilor militare comune cu Alian\u021ba Nord-Atlantic\u0103\u201d. Potrivit agen\u0163iei INFOTAG cu referire la site-ul liderului de&#8230;<\/p>\n","protected":false},"author":2,"featured_media":0,"comment_status":"closed","ping_status":"open","sticky":false,"template":"","format":"standard","meta":[],"categories":[1],"tags":[],"_links":{"self":[{"href":"https:\/\/centers.ulbsibiu.ro\/ccsprise\/lact\/wp-json\/wp\/v2\/posts\/4489"}],"collection":[{"href":"https:\/\/centers.ulbsibiu.ro\/ccsprise\/lact\/wp-json\/wp\/v2\/posts"}],"about":[{"href":"https:\/\/centers.ulbsibiu.ro\/ccsprise\/lact\/wp-json\/wp\/v2\/types\/post"}],"author":[{"embeddable":true,"href":"https:\/\/centers.ulbsibiu.ro\/ccsprise\/lact\/wp-json\/wp\/v2\/users\/2"}],"replies":[{"embeddable":true,"href":"https:\/\/centers.ulbsibiu.ro\/ccsprise\/lact\/wp-json\/wp\/v2\/comments?post=4489"}],"version-history":[{"count":1,"href":"https:\/\/centers.ulbsibiu.ro\/ccsprise\/lact\/wp-json\/wp\/v2\/posts\/4489\/revisions"}],"predecessor-version":[{"id":4490,"href":"https:\/\/centers.ulbsibiu.ro\/ccsprise\/lact\/wp-json\/wp\/v2\/posts\/4489\/revisions\/4490"}],"wp:attachment":[{"href":"https:\/\/centers.ulbsibiu.ro\/ccsprise\/lact\/wp-json\/wp\/v2\/media?parent=4489"}],"wp:term":[{"taxonomy":"category","embeddable":true,"href":"https:\/\/centers.ulbsibiu.ro\/ccsprise\/lact\/wp-json\/wp\/v2\/categories?post=4489"},{"taxonomy":"post_tag","embeddable":true,"href":"https:\/\/centers.ulbsibiu.ro\/ccsprise\/lact\/wp-json\/wp\/v2\/tags?post=4489"}],"curies":[{"name":"wp","href":"https:\/\/api.w.org\/{rel}","templated":true}]}}