{"id":4487,"date":"2018-03-21T16:20:29","date_gmt":"2018-03-21T14:20:29","guid":{"rendered":"https:\/\/centers.ulbsibiu.ro\/ccsprise\/lact\/?p=4487"},"modified":"2018-03-21T16:20:29","modified_gmt":"2018-03-21T14:20:29","slug":"tvrmoldova-md-pavel-filip-i-a-reamintit-viceministrului-rus-necesitatea-retragerii-trupelor-ruse-de-pe-teritoriul-republicii-moldova","status":"publish","type":"post","link":"https:\/\/centers.ulbsibiu.ro\/ccsprise\/lact\/tvrmoldova-md-pavel-filip-i-a-reamintit-viceministrului-rus-necesitatea-retragerii-trupelor-ruse-de-pe-teritoriul-republicii-moldova\/","title":{"rendered":"Tvrmoldova.md &#8211; Pavel Filip i-a reamintit viceministrului rus necesitatea retragerii trupelor ruse de pe teritoriul Republicii Moldova"},"content":{"rendered":"<p class=\"digest\">\u00cen cadrul \u00eentrevederii dintre prim-ministrul Pavel Filip \u015fi secretarul de stat, viceministrul Afacerilor Externe al Federa\u0163iei Ruse, Grigorii Karasin, \u015feful Executivului a \u0163inut s\u0103 reitereze pozi\u0163ia Republicii Moldova privind necesitatea finaliz\u0103rii procesului de retragere a trupelor ruse \u015fi muni\u0163iilor de pe teritoriul \u0163\u0103rii \u00een conformitate cu angajamentele interna\u0163ionale.<\/p>\n<div class=\"content\">\n<p>Un progres \u00een acest sens ar putea facilita procesul identific\u0103rii solu\u0163iei pentru problema transnistrean\u0103 consider\u0103 Filip.<\/p>\n<p>\u00cen cadrul discu\u0163iei cu\u00a0Grigorii Karasin, cu privire la reglementarea problemei transnistrene, a fost\u00a0men\u0163ionat\u0103 importan\u0163a protocoalelor semnate pe parcursul anului trecut, care contribuie la \u00eembun\u0103t\u0103\u0163irea calit\u0103\u0163ii vie\u0163ii cet\u0103\u0163enilor de pe cele dou\u0103 maluri ale Nistrului.<\/p>\n<p>Premierul a men\u0163ionat c\u0103 Republica Moldova \u00ee\u015fi dore\u015fte rela\u0163ii bune cu Federa\u0163ia Rus\u0103, dar acestea trebuie dezvoltate pragmatic \u00een baza respectului reciproc dintre ambele state.<\/p>\n<p>\u00cen particular,\u00a0\u015feful Cabinetului de mini\u015ftri a reiterat importan\u0163a dep\u0103\u015firii problemelor ce \u0163in de cazurile de abuz fa\u0163\u0103 de oficialii din RM \u015fi investigarea fraudei de sp\u0103lare a banilor prin sistemul bancar al Republicii Moldova.<\/p>\n<p>Sursa:\u00a0<a href=\"http:\/\/tvrmoldova.md\/actualitate\/pavel-filip-i-a-reamintit-viceministrului-rus-necesitatea-retragerii-trupelor-ruse-de-pe-teritoriul-republicii-moldova\/\">http:\/\/tvrmoldova.md\/<\/a><\/p>\n<\/div>\n","protected":false},"excerpt":{"rendered":"<p>\u00cen cadrul \u00eentrevederii dintre prim-ministrul Pavel Filip \u015fi secretarul de stat, viceministrul Afacerilor Externe al Federa\u0163iei Ruse, Grigorii Karasin, \u015feful Executivului a \u0163inut s\u0103 reitereze pozi\u0163ia Republicii Moldova privind necesitatea finaliz\u0103rii procesului de retragere a trupelor ruse \u015fi muni\u0163iilor de pe teritoriul \u0163\u0103rii \u00een conformitate cu angajamentele interna\u0163ionale. Un progres \u00een acest sens ar putea&#8230;<\/p>\n","protected":false},"author":2,"featured_media":0,"comment_status":"closed","ping_status":"open","sticky":false,"template":"","format":"standard","meta":[],"categories":[1],"tags":[],"_links":{"self":[{"href":"https:\/\/centers.ulbsibiu.ro\/ccsprise\/lact\/wp-json\/wp\/v2\/posts\/4487"}],"collection":[{"href":"https:\/\/centers.ulbsibiu.ro\/ccsprise\/lact\/wp-json\/wp\/v2\/posts"}],"about":[{"href":"https:\/\/centers.ulbsibiu.ro\/ccsprise\/lact\/wp-json\/wp\/v2\/types\/post"}],"author":[{"embeddable":true,"href":"https:\/\/centers.ulbsibiu.ro\/ccsprise\/lact\/wp-json\/wp\/v2\/users\/2"}],"replies":[{"embeddable":true,"href":"https:\/\/centers.ulbsibiu.ro\/ccsprise\/lact\/wp-json\/wp\/v2\/comments?post=4487"}],"version-history":[{"count":1,"href":"https:\/\/centers.ulbsibiu.ro\/ccsprise\/lact\/wp-json\/wp\/v2\/posts\/4487\/revisions"}],"predecessor-version":[{"id":4488,"href":"https:\/\/centers.ulbsibiu.ro\/ccsprise\/lact\/wp-json\/wp\/v2\/posts\/4487\/revisions\/4488"}],"wp:attachment":[{"href":"https:\/\/centers.ulbsibiu.ro\/ccsprise\/lact\/wp-json\/wp\/v2\/media?parent=4487"}],"wp:term":[{"taxonomy":"category","embeddable":true,"href":"https:\/\/centers.ulbsibiu.ro\/ccsprise\/lact\/wp-json\/wp\/v2\/categories?post=4487"},{"taxonomy":"post_tag","embeddable":true,"href":"https:\/\/centers.ulbsibiu.ro\/ccsprise\/lact\/wp-json\/wp\/v2\/tags?post=4487"}],"curies":[{"name":"wp","href":"https:\/\/api.w.org\/{rel}","templated":true}]}}