{"id":4483,"date":"2018-03-20T21:20:24","date_gmt":"2018-03-20T19:20:24","guid":{"rendered":"https:\/\/centers.ulbsibiu.ro\/ccsprise\/lact\/?p=4483"},"modified":"2018-03-20T21:20:24","modified_gmt":"2018-03-20T19:20:24","slug":"gov-md-procesul-de-apostilare-a-actelor-de-studii-din-regiunea-transnistreana-a-demarat","status":"publish","type":"post","link":"https:\/\/centers.ulbsibiu.ro\/ccsprise\/lact\/gov-md-procesul-de-apostilare-a-actelor-de-studii-din-regiunea-transnistreana-a-demarat\/","title":{"rendered":"Gov.md &#8211; Procesul de apostilare a actelor de studii din regiunea transnistrean\u0103 a demarat"},"content":{"rendered":"<p align=\"JUSTIFY\"><span lang=\"ro-MD\" xml:lang=\"ro-MD\">A<\/span><span lang=\"ro-MD\" xml:lang=\"ro-MD\">st\u0103zi, 20 martie 2018, la Direc\u021bia apostil\u0103 din cadrul Ministerului Justi\u021biei a fost depus primul act de studii emis de c\u0103tre Universitatea \u201cTaras \u0218evcenco\u201d din Tiraspol, conform modelului agreat \u00een procesul de negocieri \u0219i cu prezen\u021ba elementelor neutre.<\/span><\/p>\n<p align=\"JUSTIFY\"><span lang=\"ro-MD\" xml:lang=\"ro-MD\">Diploma prezentat\u0103 a fost recep\u021bionat\u0103 de c\u0103tre responsabilii de resort de la Ministerul Justi\u021biei, care au \u00eentreprins m\u0103surile procedurale ce se impun \u00een corespundere cu cerin\u021bele cadrului legal \u00een vigoare, au acordat solicitantului asisten\u021ba necesar\u0103, precum \u0219i au explicat modalitatea \u0219i etapele ce urmeaz\u0103 a fi parcurse pentru a se ob\u021bine aplicarea apostilei Republicii Moldova.<\/span><\/p>\n<p align=\"JUSTIFY\"><span lang=\"ro-MD\" xml:lang=\"ro-MD\">Prin ac\u021biunea \u00een cauz\u0103, partea moldoveneasc\u0103 a demonstrat c\u0103 \u00een\u021belegerile convenite prin Decizia protocolar\u0103 \u201cCu privire la aplicarea apostilei pe actele de studii emise \u00een regiunea transnistrean\u0103\u201d din 25.11.2017 se implementeaz\u0103 la modul practic, mecanismul de apostilare a actelor de studii din regiunea transnistrean\u0103 este unul func\u021bional, iar prevederile Hot\u0103r\u00e2rii Guvernului nr.138 din 07.02.2018 \u0219i ale <\/span><span lang=\"ro-MD\" xml:lang=\"ro-MD\">Ordinului ministrului educa\u021biei, culturii \u0219i cercet\u0103rii nr.120 din 06 februarie 2018 sunt aplicabile. <\/span><\/p>\n<p align=\"JUSTIFY\"><span lang=\"ro-MD\" xml:lang=\"ro-MD\">Totodat\u0103, \u00een leg\u0103tur\u0103 cu unele mesaje difuzate \u00een mass-media din regiune precum c\u0103 partea transnistrean\u0103 va testa \u00een scurt timp mecanismul de apostilare \u021binem s\u0103 men\u021bion\u0103m c\u0103 partea moldoveneasc\u0103 este consecvent\u0103 \u00een realizarea angajamentelor asumate \u00een raport cu locuitorii din raioanele de est ale \u021b\u0103rii \u0219i \u00eentreprinde ac\u021biuni prompte pentru a crea spa\u021biul educa\u021bional unic sau a le oferi \u0219ansa tinerilor studio\u0219i din regiune de a se \u00eencadra \u00een valorile educa\u021bionale ale statelor europene \u0219i ale celor cu un nivel avansat de dezvoltare.<\/span><\/p>\n<p align=\"JUSTIFY\">Sursa:\u00a0<a href=\"http:\/\/gov.md\/ro\/content\/procesul-de-apostilare-actelor-de-studii-din-regiunea-transnistreana-demarat\">http:\/\/gov.md\/<\/a><\/p>\n","protected":false},"excerpt":{"rendered":"<p>Ast\u0103zi, 20 martie 2018, la Direc\u021bia apostil\u0103 din cadrul Ministerului Justi\u021biei a fost depus primul act de studii emis de c\u0103tre Universitatea \u201cTaras \u0218evcenco\u201d din Tiraspol, conform modelului agreat \u00een procesul de negocieri \u0219i cu prezen\u021ba elementelor neutre. Diploma prezentat\u0103 a fost recep\u021bionat\u0103 de c\u0103tre responsabilii de resort de la Ministerul Justi\u021biei, care au \u00eentreprins&#8230;<\/p>\n","protected":false},"author":2,"featured_media":0,"comment_status":"closed","ping_status":"open","sticky":false,"template":"","format":"standard","meta":[],"categories":[1],"tags":[],"_links":{"self":[{"href":"https:\/\/centers.ulbsibiu.ro\/ccsprise\/lact\/wp-json\/wp\/v2\/posts\/4483"}],"collection":[{"href":"https:\/\/centers.ulbsibiu.ro\/ccsprise\/lact\/wp-json\/wp\/v2\/posts"}],"about":[{"href":"https:\/\/centers.ulbsibiu.ro\/ccsprise\/lact\/wp-json\/wp\/v2\/types\/post"}],"author":[{"embeddable":true,"href":"https:\/\/centers.ulbsibiu.ro\/ccsprise\/lact\/wp-json\/wp\/v2\/users\/2"}],"replies":[{"embeddable":true,"href":"https:\/\/centers.ulbsibiu.ro\/ccsprise\/lact\/wp-json\/wp\/v2\/comments?post=4483"}],"version-history":[{"count":1,"href":"https:\/\/centers.ulbsibiu.ro\/ccsprise\/lact\/wp-json\/wp\/v2\/posts\/4483\/revisions"}],"predecessor-version":[{"id":4484,"href":"https:\/\/centers.ulbsibiu.ro\/ccsprise\/lact\/wp-json\/wp\/v2\/posts\/4483\/revisions\/4484"}],"wp:attachment":[{"href":"https:\/\/centers.ulbsibiu.ro\/ccsprise\/lact\/wp-json\/wp\/v2\/media?parent=4483"}],"wp:term":[{"taxonomy":"category","embeddable":true,"href":"https:\/\/centers.ulbsibiu.ro\/ccsprise\/lact\/wp-json\/wp\/v2\/categories?post=4483"},{"taxonomy":"post_tag","embeddable":true,"href":"https:\/\/centers.ulbsibiu.ro\/ccsprise\/lact\/wp-json\/wp\/v2\/tags?post=4483"}],"curies":[{"name":"wp","href":"https:\/\/api.w.org\/{rel}","templated":true}]}}