{"id":4481,"date":"2018-03-20T21:18:12","date_gmt":"2018-03-20T19:18:12","guid":{"rendered":"https:\/\/centers.ulbsibiu.ro\/ccsprise\/lact\/?p=4481"},"modified":"2020-06-12T18:27:14","modified_gmt":"2020-06-12T16:27:14","slug":"europalibera-org-eugen-carpov-procesul-de-reglementare-a-conflictului-transnistrean-se-afla-astazi-intr-un-impas","status":"publish","type":"post","link":"https:\/\/centers.ulbsibiu.ro\/ccsprise\/lact\/europalibera-org-eugen-carpov-procesul-de-reglementare-a-conflictului-transnistrean-se-afla-astazi-intr-un-impas\/","title":{"rendered":"Europalibera.org &#8211; Eugen Carpov: \u201eProcesul de reglementare a conflictului transnistrean se afl\u0103 ast\u0103zi \u00eentr-un impas\u201d"},"content":{"rendered":"<div class=\"intro content-offset\">\n<p>Preliminarii la vizita de s\u0103pt\u0103m\u00e2na viitoare a lui Franco Frattini \u00een Moldova.<\/p>\n<\/div>\n<div>\n<div class=\"wsw\">\n<p><em>Reprezentantul special al pre<\/em><em>\u0219<\/em><em>edin<\/em><em>\u021b<\/em><em>iei italiene a OSCE pentru solu<\/em><em>\u021b<\/em><em>ionarea conflictului transnistrean <a class=\"wsw__a\" href=\"https:\/\/www.europalibera.org\/a\/franco-frattini-interviu-reglementarea-trasnistreana\/29089171.html\" target=\"_blank\" rel=\"noopener noreferrer\">Franco Frattini <\/a>urmeaz\u0103 s\u0103 vin\u0103 <\/em><em>s\u0103pt\u0103m\u00e2na viitoare \u00een R.Moldova. \u00cenaintea acestei vizite, \u00eentre Chi<\/em><em>\u0219<\/em><em>in\u0103u <\/em><em>\u0219<\/em><em>i Tiraspol au loc contacte intense pentru punerea \u00een practic\u0103 a unor \u00een<\/em><em>\u021b<\/em><em>elegeri protocolare semnate anterior, \u00een<\/em><em>\u021b<\/em><em>elegeri salutate de OSCE <\/em><em>\u0219<\/em><em>i de ceilal<\/em><em>\u021b<\/em><em>i participan<\/em><em>\u021b<\/em><em>i la formatul interna<\/em><em>\u021b<\/em><em>ional de negocieri (Rusia, Ucraina, UE <\/em><em>\u0219<\/em><em>i SUA), dar criticate de exper<\/em><em>\u021b<\/em><em>i, diploma<\/em><em>\u021b<\/em><em>i <\/em><em>\u0219<\/em><em>i ONG-uri reprezentative de la Chi<\/em><em>\u0219<\/em><em>in\u0103u pe motiv c\u0103 se fac ced\u0103ri din partea autorit\u0103<\/em><em>\u021b<\/em><em>ilor statului moldovean. Deputatul Eugen Carpov, fost negociator din partea Chi<\/em><em>\u0219<\/em><em>in\u0103ului se refer\u0103 la importan<\/em><em>\u021b<\/em><em>a vizitei lui Franco Frattini.<\/em><\/p>\n<p><strong>Eugen Carpov:<\/strong> \u201eVizita unui reprezentant special al OSCE pentru reglementarea conflictului transnistrean este \u00een permanen\u021b\u0103 important\u0103, dar eu cred c\u0103 dl Frattini mai bine nu f\u0103cea declara\u021bii p\u00e2n\u0103 a veni la Chi\u0219in\u0103u, discuta cu oficialii din Republica Moldova, dup\u0103 care tr\u0103gea anumite concluzii. Sigur c\u0103 d\u00e2nsul este un politician de o greutate deosebit\u0103, cu o vast\u0103 experien\u021b\u0103, cu cuno\u0219tin\u021be \u00een mediul politic din diferite state, inclusiv din Federa\u021bia Rus\u0103, a\u0219a cum a \u0219i men\u021bionat d\u00e2nsul, dar cred c\u0103 o cunoa\u0219tere mai bun\u0103 a detaliilor conflictului transnistrean nu stric\u0103 nim\u0103nui, pentru a avea o viziune mai profund\u0103 asupra fenomenului. Procesul de reglementare a conflictului transnistrean se afl\u0103 ast\u0103zi \u00eentr-un impas. Vedem \u0219i noi, cei implica\u021bi \u00een acest proces, am \u00een vedere politicienii sau responsabilii din Guvern, dar eu cred c\u0103 \u0219i cet\u0103\u021benii simpli observ\u0103 c\u0103 totu\u0219i lucrurile nu se desf\u0103\u0219oar\u0103 \u00een ritmul \u00een care ne-am dori. Parc\u0103 anul trecut am avut anumite progrese, au existat protocoale semnate \u0219i \u00eenceputul a fost unul \u00eencurajator, dar \u00een continuare lucrurile fr\u00e2neaz\u0103 \u0219i e nevoie de un impuls suplimentar pentru asta.\u201d<\/p>\n<p><strong>Europa Liber\u0103: Dar acest pachet de \u00een<\/strong><strong>\u021b<\/strong><strong>elegeri, ele au st\u00e2rnit <\/strong><strong>\u0219<\/strong><strong>i critici din partea mai multor exper<\/strong><strong>\u021b<\/strong><strong>i, cunosc\u0103tori ai dosarului transnistrean, reprezentan<\/strong><strong>\u021b<\/strong><strong>i ai ONG-urilor, precum c\u0103 sunt recunoscute elemente ale autoproclamatei statalit\u0103<\/strong><strong>\u021b<\/strong><strong>i nistrene, f\u0103r\u0103 s\u0103 apropie \u00eens\u0103 solu<\/strong><strong>\u021b<\/strong><strong>ionarea politic\u0103 a conflictului transnistrean?<\/strong><\/p>\n<p><strong>Eugen Carpov:<\/strong> \u201eMai mult dec\u00e2t s-a recunoscut p\u00e2n\u0103 \u00een prezent ca \u0219i elemente de a\u0219a-zis\u0103 statalitate a regiunii transnistrene, aceste protocoale nu au adus alte elemente. Sigur c\u0103 asemenea documente nu sunt perfecte. Tot timpul exist\u0103 loc spre mai bine, dar un pas \u00eenainte \u2013 \u0219i unul semnificativ \u2013 a fost realizat. Dac\u0103 ne uit\u0103m la situa\u021bia cu p\u0103m\u00e2nturile \u0219i fermierii din st\u00e2nga Nistrului, fermierii moldoveni, vedem c\u0103 totu\u0219i s-a revenit la un proces existent anterior care era mai favorabil pentru fermierii moldoveni dec\u00e2t cel din ultima perioad\u0103. Pentru \u0219coli, cel pu\u021bin, s-au dat anumite garan\u021bii \u00een scris din partea structurilor transnistrene c\u0103 nu vor crea impedimente \u00een activitatea acestor \u0219coli. Leg\u0103tura telefonic\u0103 nu poate fi pus\u0103 sub semnul \u00eentreb\u0103rii, de ce este necesar\u0103 revenirea la o leg\u0103tur\u0103 telefonic\u0103 normal\u0103 \u00eentre locuitorii din st\u00e2nga \u0219i dreapta Nistrului; pentru apostilarea diplomelor de la institutul din Tiraspol, aici au fost mai multe semne de \u00eentrebare, dar \u0219i aici nu s-au dep\u0103\u0219it liniile ro\u0219ii, despre care vorbim noi c\u0103 nu trebuie s\u0103 le dep\u0103\u0219im. Nu a fost recunoscut\u0103 calitatea studiilor acestor institu\u021bii, nu a fost recunoscut\u0103 curricula; prin apostilare doar se certific\u0103 existen\u021ba unei asemenea institu\u021bii \u0219i a unor diplome eliberate de aceasta. \u0218i este la latitudinea deja partenerilor no\u0219tri interna\u021bionali s\u0103 accepte sau s\u0103 nu accepte aceste diplome. A\u0219 vrea s\u0103 men\u021bionez \u0219i cel de-al cincilea protocol. Este deschiderea podului B\u00e2cioc \u2013 Gura B\u00e2cului. Uita\u021bi-v\u0103 c\u0103 aici apar anumite tensiuni \u0219i am v\u0103zut chiar recent \u0219i Comisia Unificat\u0103 de Control, delega\u021bia de la Chi\u0219in\u0103u a subliniat\u2026\u201d<\/p>\n<p><strong>Europa Liber\u0103: Partea tiraspolean\u0103 a instalat acolo un punct de control.<\/strong><\/p>\n<p><strong>Eugen Carpov:<\/strong> \u201eExact. Deci, transnistrenii din nou m\u0103resc punctele de control, \u00eengr\u0103desc libera circula\u021bie pentru care de fapt a fost deschis acest pod, ca s\u0103 se circule liber, nu pentru a instala noi puncte militarizate de control, care sunt ilegale, sunt absolut nepotrivite pentru a continua practica respectiv\u0103, dar cei de la Tiraspol \u00eencearc\u0103 \u0219i aici s\u0103 for\u021beze nota \u0219i subiectul este \u00een discu\u021bie. Pe de o parte, am reu\u0219it s\u0103 debloc\u0103m circula\u021bia pe acest pod, pe de alt\u0103 parte, ne confrunt\u0103m din nou cu pozi\u021bia transnistrenilor, care vor s\u0103 stea cu automatul Kala\u0219nikov la trecerea acestui pod, ceea ce nu este normal.\u201d<\/p>\n<p><strong>Europa Liber\u0103: Vulnerabilitatea cea mai mare r\u0103m\u00e2ne a fi \u00eenregistrarea acestor pl\u0103cu<\/strong><strong>\u021b<\/strong><strong>e de \u00eenmatriculare <\/strong><strong>\u0219<\/strong><strong>i \u00eensemnele care urmeaz\u0103 s\u0103 fie aplicate pe aceste pl\u0103cu<\/strong><strong>\u021b<\/strong><strong>e. <\/strong><strong>\u0218<\/strong><strong>tiu c\u0103 Dvs. a<\/strong><strong>\u021b<\/strong><strong>i fost rezervat atunci c\u00e2nd se insista ca pe aceste pl\u0103cu<\/strong><strong>\u021b<\/strong><strong>e s\u0103 apar\u0103 anumite atribute ale a<\/strong><strong>\u0219<\/strong><strong>a-zisei regiuni transnistrene. Acum s-a ajuns la un compromis?<\/strong><\/p>\n<p><strong>Eugen Carpov:<\/strong> \u201eSubiectul s-a discutat mul\u021bi ani. \u0218i eu am negociat acest protocol. Sigur c\u0103 pozi\u021bia pe care am promovat-o \u0219i \u0219tiu c\u0103 negociatorii \u0219i \u00een prezent cei de la Chi\u0219in\u0103u respect\u0103 acelea\u0219i puncte importante, a fost urm\u0103toarea: acest sistem de \u00eenregistrare a autoturismelor din st\u00e2nga Nistrului s\u0103 fie parte component\u0103 a sistemului general din Republica Moldova. Doi: \u0219i autoturismele s\u0103 fie verificate de c\u0103tre structurile autorizate de la Chi\u0219in\u0103u \u0219i eliberarea acestor documente s\u0103 fie autorizat\u0103 doar de institu\u021biile constitu\u021bionale din Republica Moldova, pe pl\u0103cu\u021be s\u0103 nu existe nici un fel de \u00eensemne a\u0219a-zise statale ale regiunii transnistrene. \u0218i atunci am mers pe ideea unor pl\u0103cu\u021be temporare care s\u0103 nu aib\u0103 niciun fel de inscrip\u021bii dec\u00e2t num\u0103rul propriu-zis de \u00eenregistrare care s\u0103 con\u021bin\u0103 litere \u0219i cifre \u0219i at\u00e2t, dar care s\u0103 fie parte a sistemului din Republica Moldova. Acum a ap\u0103rut o alt\u0103 problem\u0103 de fapt, care este la fel de important\u0103. A ap\u0103rut pe ordinea de zi, ea a existat \u0219i anterior, dar nu s-a ajuns la discu\u021bii asupra ei. Exist\u0103 diferite categorii de locuitori \u00een regiunea transnistrean\u0103 \u2013 exist\u0103 locuitori care au cet\u0103\u021benia Republicii Moldova \u0219i actele \u00een regul\u0103, exist\u0103 locuitori care nu au o cet\u0103\u021benie recunoscut\u0103 sau o au pe cea nerecunoscut\u0103, care este a regiunii transnistrene. \u0218i exist\u0103 locuitori care au venit dup\u0103 \u201990 \u00een regiunea transnistrean\u0103 \u0219i care au sau cet\u0103\u021benia statului de unde au sosit, \u00een majoritate sunt cet\u0103\u021beni ru\u0219i, ar putea s\u0103 fie cet\u0103\u021beni ucraineni \u0219i care constituie un grup de oameni destul de mare care posed\u0103 autoturisme, dar nu au nicio leg\u0103tur\u0103 cu statul Republica Moldova \u0219i nu au avut-o nici p\u00e2n\u0103 \u00een \u201990. Deci, dac\u0103 vorbim despre b\u0103\u0219tina\u0219i, da, acolo putem s\u0103 g\u0103sim anumite r\u0103d\u0103cini ale existen\u021bei acestor locuitori pe teritoriul Republicii Moldova, pentru c\u0103 au certificate de na\u0219tere, au certificate de c\u0103s\u0103torie, exist\u0103 \u00een arhive date despre ace\u0219ti cet\u0103\u021beni, iar cei care au venit nu au nicio leg\u0103tur\u0103 cu acest stat. \u0218i aici sigur c\u0103 Republica Moldova trebuie s\u0103 analizeze foarte atent: cum elibereaz\u0103 certificate de \u00eenmatriculare cu pl\u0103cu\u021be unor autoturisme care nu apar\u021bin cet\u0103\u021benilor moldoveni? Cum vom purta noi responsabilitatea pentru ace\u0219ti cet\u0103\u021beni? Poate c\u0103 ace\u0219ti cet\u0103\u021beni a\u0219a cum au sosit \u00een Republica Moldova, adic\u0103 \u00een regiunea transnistrean\u0103, m\u00e2ine ar putea s\u0103 plece \u0219i s\u0103 aib\u0103 un alt domiciliu, cum urm\u0103rim noi utilizarea acestor pl\u0103cu\u021be \u0219i a documentelor de \u00eenmatriculare? Uita\u021bi-v\u0103 c\u0103 sunt subiecte foarte importante cu aspecte juridice, care nu pot fi dep\u0103\u0219ite a\u0219a cum \u00ee\u0219i doresc cei de la Tiraspol, ca Chi\u0219in\u0103ul s\u0103 elibereze tuturor. Deci, trebuie s\u0103 fim totu\u0219i selectivi \u0219i s\u0103 ne asigur\u0103m c\u0103 \u00eensemnele statale ale Republicii Moldova vor fi oferite prin pl\u0103cu\u021be \u0219i certificate de \u00eenmatriculare doar cet\u0103\u021benilor care au o leg\u0103tur\u0103 juridic\u0103 cu statul Republica Moldova.\u201d<\/p>\n<\/div>\n<\/div>\n<p>Interviul integral:\u00a0<a href=\"https:\/\/www.europalibera.org\/a\/29110873.html\">https:\/\/www.europalibera.org\/<\/a><\/p>\n","protected":false},"excerpt":{"rendered":"<p>Preliminarii la vizita de s\u0103pt\u0103m\u00e2na viitoare a lui Franco Frattini \u00een Moldova. Reprezentantul special al pre\u0219edin\u021biei italiene a OSCE pentru solu\u021bionarea conflictului transnistrean Franco Frattini urmeaz\u0103 s\u0103 vin\u0103 s\u0103pt\u0103m\u00e2na viitoare \u00een R.Moldova. \u00cenaintea acestei vizite, \u00eentre Chi\u0219in\u0103u \u0219i Tiraspol au loc contacte intense pentru punerea \u00een practic\u0103 a unor \u00een\u021belegeri protocolare semnate anterior, \u00een\u021belegeri salutate&#8230;<\/p>\n","protected":false},"author":2,"featured_media":0,"comment_status":"closed","ping_status":"open","sticky":false,"template":"","format":"standard","meta":[],"categories":[1],"tags":[],"_links":{"self":[{"href":"https:\/\/centers.ulbsibiu.ro\/ccsprise\/lact\/wp-json\/wp\/v2\/posts\/4481"}],"collection":[{"href":"https:\/\/centers.ulbsibiu.ro\/ccsprise\/lact\/wp-json\/wp\/v2\/posts"}],"about":[{"href":"https:\/\/centers.ulbsibiu.ro\/ccsprise\/lact\/wp-json\/wp\/v2\/types\/post"}],"author":[{"embeddable":true,"href":"https:\/\/centers.ulbsibiu.ro\/ccsprise\/lact\/wp-json\/wp\/v2\/users\/2"}],"replies":[{"embeddable":true,"href":"https:\/\/centers.ulbsibiu.ro\/ccsprise\/lact\/wp-json\/wp\/v2\/comments?post=4481"}],"version-history":[{"count":2,"href":"https:\/\/centers.ulbsibiu.ro\/ccsprise\/lact\/wp-json\/wp\/v2\/posts\/4481\/revisions"}],"predecessor-version":[{"id":8122,"href":"https:\/\/centers.ulbsibiu.ro\/ccsprise\/lact\/wp-json\/wp\/v2\/posts\/4481\/revisions\/8122"}],"wp:attachment":[{"href":"https:\/\/centers.ulbsibiu.ro\/ccsprise\/lact\/wp-json\/wp\/v2\/media?parent=4481"}],"wp:term":[{"taxonomy":"category","embeddable":true,"href":"https:\/\/centers.ulbsibiu.ro\/ccsprise\/lact\/wp-json\/wp\/v2\/categories?post=4481"},{"taxonomy":"post_tag","embeddable":true,"href":"https:\/\/centers.ulbsibiu.ro\/ccsprise\/lact\/wp-json\/wp\/v2\/tags?post=4481"}],"curies":[{"name":"wp","href":"https:\/\/api.w.org\/{rel}","templated":true}]}}