{"id":4479,"date":"2018-03-20T21:15:44","date_gmt":"2018-03-20T19:15:44","guid":{"rendered":"https:\/\/centers.ulbsibiu.ro\/ccsprise\/lact\/?p=4479"},"modified":"2018-03-20T21:15:44","modified_gmt":"2018-03-20T19:15:44","slug":"gov-md-intrevederea-viceprim-ministrului-cristina-lesnic-cu-seful-misiunii-osce-in-republica-moldova-michael-scanlan-3","status":"publish","type":"post","link":"https:\/\/centers.ulbsibiu.ro\/ccsprise\/lact\/gov-md-intrevederea-viceprim-ministrului-cristina-lesnic-cu-seful-misiunii-osce-in-republica-moldova-michael-scanlan-3\/","title":{"rendered":"Gov.md &#8211; \u00centrevederea Viceprim-ministrului Cristina Lesnic cu \u0218eful Misiunii OSCE \u00een Republica Moldova Michael Scanlan"},"content":{"rendered":"<p>Ast\u0103zi, 20 martie curent, Viceprim-ministrul Cristina Lesnic a avut o \u00eentrevedere cu \u0218eful Misiunii OSCE \u00een Republica Moldova Michael Scanlan. La eveniment au mai participat reprezentan\u021bi din cadrul delega\u021biei Republicii Moldova \u00een Comisia Unificat\u0103 de Control \u0219i exper\u021bi din partea Misiunii OSCE.<\/p>\n<p>\u00cen cadrul dialogului a fost discutat\u0103 minu\u021bios situa\u021bia existent\u0103 \u00een Zona de Securitate, cele mai stringente probleme ce persist\u0103 \u00een perimetrul respectiv, func\u021bionalitatea \u0219i circula\u021bia pe podul dintre localit\u0103\u021bile Gura-B\u00e2cului \u0219i B\u00e2cioc, necesitatea restabilirii infrastructurii acestui pod \u0219i a respect\u0103rii angajamentelor \u00een privin\u021ba asigur\u0103rii circula\u021biei nestingherite, rolul Misiunii OSCE \u00een procesul de colectare \u0219i prezentare a informa\u021biei, inclusiv Comisiei Unificate de Control, privind situa\u021bia \u00een Zona de Securitate, perspectivele de identificare a unor solu\u021bii durabile \u0219i benefice intereselor locuitorilor de pe ambele maluri.<\/p>\n<p>Totodat\u0103, oficialii au trecut \u00een revist\u0103 gradul de realizare a \u00een\u021belegerilor convenite \u00eentre Chi\u0219in\u0103u \u0219i Tiraspol pe parcursul anului 2017 \u0219i au punctat oportunitatea intensific\u0103rii eforturilor \u00een vederea progres\u0103rii \u00een procesele ini\u021biate \u0219i a rezolv\u0103rii problemelor actuale.<\/p>\n<p>Cu acest prilej au fost coordonate \u0219i unele aspecte organizatorice \u00een privin\u021ba vizitei Reprezentantului Special al Pre\u0219edin\u021biei \u00een exerci\u021biu a OSCE Franco Frattini, care \u00een timpul apropiat urmeaz\u0103 s\u0103 vin\u0103 \u00een Republica Moldova \u0219i s\u0103 efectueze consult\u0103ri cu reprezentan\u021bii politici din partea Chi\u0219in\u0103ului \u0219i Tiraspolului.<\/p>\n<p>Sursa:\u00a0<a href=\"http:\/\/gov.md\/ro\/content\/intrevederea-viceprim-ministrului-cristina-lesnic-cu-seful-misiunii-osce-republica-moldova-1\">http:\/\/gov.md<\/a><\/p>\n","protected":false},"excerpt":{"rendered":"<p>Ast\u0103zi, 20 martie curent, Viceprim-ministrul Cristina Lesnic a avut o \u00eentrevedere cu \u0218eful Misiunii OSCE \u00een Republica Moldova Michael Scanlan. La eveniment au mai participat reprezentan\u021bi din cadrul delega\u021biei Republicii Moldova \u00een Comisia Unificat\u0103 de Control \u0219i exper\u021bi din partea Misiunii OSCE. \u00cen cadrul dialogului a fost discutat\u0103 minu\u021bios situa\u021bia existent\u0103 \u00een Zona de Securitate,&#8230;<\/p>\n","protected":false},"author":2,"featured_media":0,"comment_status":"closed","ping_status":"open","sticky":false,"template":"","format":"standard","meta":[],"categories":[1],"tags":[],"_links":{"self":[{"href":"https:\/\/centers.ulbsibiu.ro\/ccsprise\/lact\/wp-json\/wp\/v2\/posts\/4479"}],"collection":[{"href":"https:\/\/centers.ulbsibiu.ro\/ccsprise\/lact\/wp-json\/wp\/v2\/posts"}],"about":[{"href":"https:\/\/centers.ulbsibiu.ro\/ccsprise\/lact\/wp-json\/wp\/v2\/types\/post"}],"author":[{"embeddable":true,"href":"https:\/\/centers.ulbsibiu.ro\/ccsprise\/lact\/wp-json\/wp\/v2\/users\/2"}],"replies":[{"embeddable":true,"href":"https:\/\/centers.ulbsibiu.ro\/ccsprise\/lact\/wp-json\/wp\/v2\/comments?post=4479"}],"version-history":[{"count":1,"href":"https:\/\/centers.ulbsibiu.ro\/ccsprise\/lact\/wp-json\/wp\/v2\/posts\/4479\/revisions"}],"predecessor-version":[{"id":4480,"href":"https:\/\/centers.ulbsibiu.ro\/ccsprise\/lact\/wp-json\/wp\/v2\/posts\/4479\/revisions\/4480"}],"wp:attachment":[{"href":"https:\/\/centers.ulbsibiu.ro\/ccsprise\/lact\/wp-json\/wp\/v2\/media?parent=4479"}],"wp:term":[{"taxonomy":"category","embeddable":true,"href":"https:\/\/centers.ulbsibiu.ro\/ccsprise\/lact\/wp-json\/wp\/v2\/categories?post=4479"},{"taxonomy":"post_tag","embeddable":true,"href":"https:\/\/centers.ulbsibiu.ro\/ccsprise\/lact\/wp-json\/wp\/v2\/tags?post=4479"}],"curies":[{"name":"wp","href":"https:\/\/api.w.org\/{rel}","templated":true}]}}