{"id":4477,"date":"2018-03-20T21:13:17","date_gmt":"2018-03-20T19:13:17","guid":{"rendered":"https:\/\/centers.ulbsibiu.ro\/ccsprise\/lact\/?p=4477"},"modified":"2018-03-20T21:13:17","modified_gmt":"2018-03-20T19:13:17","slug":"infotag-md-seful-misiunii-osce-a-remarcat-implicarea-personala-a-liderului-transnistrean-in-procesul-de-negocieri","status":"publish","type":"post","link":"https:\/\/centers.ulbsibiu.ro\/ccsprise\/lact\/infotag-md-seful-misiunii-osce-a-remarcat-implicarea-personala-a-liderului-transnistrean-in-procesul-de-negocieri\/","title":{"rendered":"Infotag.md &#8211; \u015eEFUL MISIUNII OSCE A REMARCAT IMPLICAREA PERSONAL\u0102 A LIDERULUI TRANSNISTREAN \u00ceN PROCESUL DE NEGOCIERI"},"content":{"rendered":"<p>\u015eeful Misiunii OSCE \u00een Moldova, Michael Scanlan, a remarcat \u201eimplicarea personal\u0103 a pre\u015fedintelui Transnistriei, Vadim Krasnoselski, \u00een procesul de negocieri, care contribuie la atingerea unor \u00een\u0163elegeri \u00een chestiuni importante de pe agenda de lucru\u201d.<\/p>\n<p>Potrivit agen\u0163iei INFOTAG cu referire la site-ul liderului de la Tiraspol, despre aceasta el a declarat luni, la \u00eentrevederea cu Krasnoselski la Tiraspol, unde a fost discutat\u0103 evolu\u0163ia reglement\u0103rii rela\u0163iilor dintre Moldova \u015fi Transnistria.<\/p>\n<p>\u201eAceast\u0103 abordare a adus procesul de negocieri la un nivel calitativ nou, marcat de punerea \u00een practic\u0103 a deciziilor concrete atinse de p\u0103r\u021bile conflictului cu participarea mediatorilor interna\u021bionali\u201d, \u00eel citeaz\u0103 pe diplomat serviciul de pres\u0103 al pre\u0219edin\u021biei transnistrene.<\/p>\n<p>Potrivit comunicatului, interlocutorii au mai vorbit despre necesitatea de a atinge progrese \u0219i \u00een problemele incluse \u201eProtocolul de la Viena\u201d. \u0218eful Misiunii OSCE \u201ea atras aten\u0163ia asupra problematicii transportului auto, exprim\u00e2ndu-\u015fi speran\u021ba \u00een g\u0103sirea c\u00e2t mai rapid a unui mecanism de participare a transportului auto transnistrean la traficul rutier interna\u021bional\u201d. El a men\u021bionat c\u0103 trebuie solu\u0163ionate \u015fi problemele legate de cazurile penale motivate politic \u0219i de libera circula\u021bie a cet\u0103\u021benilor.<\/p>\n<p>P\u0103r\u021bile au subliniat importan\u021ba unei interac\u021biuni substan\u021biale active a tuturor participan\u021bilor la dialog \u00een vederea g\u0103sirii c\u00e2t mai cur\u00e2nd posibil a unor solu\u021bii practice \u00een numele intereselor poporului. S-a men\u0163ionat c\u0103 pe 27 martie la Tiraspol este a\u015fteptat \u00een vizit\u0103 reprezentantul special al Pre\u0219edin\u021biei \u00een exerci\u021biu a OSCE, Franco Frattini.<\/p>\n<p>Sursa:\u00a0<a href=\"http:\/\/www.infotag.md\/rebelion-ro\/260914\/\">http:\/\/www.infotag.md\/<\/a><\/p>\n","protected":false},"excerpt":{"rendered":"<p>\u015eeful Misiunii OSCE \u00een Moldova, Michael Scanlan, a remarcat \u201eimplicarea personal\u0103 a pre\u015fedintelui Transnistriei, Vadim Krasnoselski, \u00een procesul de negocieri, care contribuie la atingerea unor \u00een\u0163elegeri \u00een chestiuni importante de pe agenda de lucru\u201d. Potrivit agen\u0163iei INFOTAG cu referire la site-ul liderului de la Tiraspol, despre aceasta el a declarat luni, la \u00eentrevederea cu Krasnoselski&#8230;<\/p>\n","protected":false},"author":2,"featured_media":0,"comment_status":"closed","ping_status":"open","sticky":false,"template":"","format":"standard","meta":[],"categories":[1],"tags":[],"_links":{"self":[{"href":"https:\/\/centers.ulbsibiu.ro\/ccsprise\/lact\/wp-json\/wp\/v2\/posts\/4477"}],"collection":[{"href":"https:\/\/centers.ulbsibiu.ro\/ccsprise\/lact\/wp-json\/wp\/v2\/posts"}],"about":[{"href":"https:\/\/centers.ulbsibiu.ro\/ccsprise\/lact\/wp-json\/wp\/v2\/types\/post"}],"author":[{"embeddable":true,"href":"https:\/\/centers.ulbsibiu.ro\/ccsprise\/lact\/wp-json\/wp\/v2\/users\/2"}],"replies":[{"embeddable":true,"href":"https:\/\/centers.ulbsibiu.ro\/ccsprise\/lact\/wp-json\/wp\/v2\/comments?post=4477"}],"version-history":[{"count":1,"href":"https:\/\/centers.ulbsibiu.ro\/ccsprise\/lact\/wp-json\/wp\/v2\/posts\/4477\/revisions"}],"predecessor-version":[{"id":4478,"href":"https:\/\/centers.ulbsibiu.ro\/ccsprise\/lact\/wp-json\/wp\/v2\/posts\/4477\/revisions\/4478"}],"wp:attachment":[{"href":"https:\/\/centers.ulbsibiu.ro\/ccsprise\/lact\/wp-json\/wp\/v2\/media?parent=4477"}],"wp:term":[{"taxonomy":"category","embeddable":true,"href":"https:\/\/centers.ulbsibiu.ro\/ccsprise\/lact\/wp-json\/wp\/v2\/categories?post=4477"},{"taxonomy":"post_tag","embeddable":true,"href":"https:\/\/centers.ulbsibiu.ro\/ccsprise\/lact\/wp-json\/wp\/v2\/tags?post=4477"}],"curies":[{"name":"wp","href":"https:\/\/api.w.org\/{rel}","templated":true}]}}