{"id":4469,"date":"2018-03-19T21:34:31","date_gmt":"2018-03-19T19:34:31","guid":{"rendered":"https:\/\/centers.ulbsibiu.ro\/ccsprise\/lact\/?p=4469"},"modified":"2018-03-19T21:34:31","modified_gmt":"2018-03-19T19:34:31","slug":"infotag-md-autoritatile-transnistriei-sunt-multumite-de-incheierea-noului-contract-pentru-furnizarea-energiei-electrice-pentru-moldova","status":"publish","type":"post","link":"https:\/\/centers.ulbsibiu.ro\/ccsprise\/lact\/infotag-md-autoritatile-transnistriei-sunt-multumite-de-incheierea-noului-contract-pentru-furnizarea-energiei-electrice-pentru-moldova\/","title":{"rendered":"Infotag.md &#8211; AUTORIT\u0102\u0162ILE TRANSNISTRIEI SUNT MUL\u0162UMITE DE \u00ceNCHEIEREA NOULUI CONTRACT PENTRU FURNIZAREA ENERGIEI ELECTRICE PENTRU MOLDOVA"},"content":{"rendered":"<p>Autorit\u0103\u0163ile Transnistriei sunt mul\u0163umite de \u00eencheierea noului contract pentru furnizarea energiei electrice de la CERS Moldoveneasc\u0103 pentru Republica Moldova.<\/p>\n<p>Potrivit agen\u0163iei INFOTAG, pre\u015fedintele guvernului autoproclamatei RMN, Alexandr Mart\u00eenov, a spus la televiziunea local\u0103 c\u0103 \u00een noul contract, prev\u0103zut pentru perioada 1 aprilie 2018 \u2013 31 martie 2019, pre\u021bul energiei electrice a crescut de la 4,5 la 5 cen\u021bi SUA pe 1 kWh.<\/p>\n<p>\u201eCre\u0219terea este de 11%. Sunt ni\u015fte condi\u021bii bune, avem o perspectiv\u0103 bun\u0103 pentru anul curent \u015fi anul viitor pentru economia transnistrean\u0103\u201d, a subliniat el.<\/p>\n<p>Potrivit premierului, cre\u0219terea pre\u021bului de v\u00e2nzare \u00eenseamn\u0103 \u201evenituri suplimentare \u00een valut\u0103, o garan\u021bie a unui curs de schimb stabil \u0219i \u00eencas\u0103ri fiscale suplimentare la buget, care vor fi direc\u0163ionate \u00een primul r\u00e2nd spre rezolvarea problemelor comunitare\u201d.<\/p>\n<p>INFOTAG precizeaz\u0103: CERS Moldoveneasc\u0103 este una dintre cele mai mari centrale electrice din Europa de Est, care activeaz\u0103 din anul 1964. \u00centreprinderea dispune de 12 blocuri energetice cu o capacitate total\u0103 de 2520 MW, dintre care func\u0163ioneaz\u0103 doar trei-patru. \u00cen perioada sovietic\u0103, Centrala asigura cu energie electric\u0103 \u00eentreaga Moldov\u0103 \u015fi sudul Ucrainei, precum \u015fi efectua exporturi \u00een Balcani. Proprietarul centralei este compania rus\u0103 \u201eInter RAO\u201d. Din 2009 Centrala este principalul furnizor de energie electric\u0103 \u00een Moldova.<\/p>\n<p>Moldova produce doar un sfert din energia electric\u0103 consumat\u0103. Restul energiei o cump\u0103r\u0103 de la CERS Moldoveneasc\u0103 (70%) \u015fi din Ucraina de la 1 aprilie: de la \u201eDTEK Pavlogradugoli\u201d (30%).<\/p>\n<p>Sursa:\u00a0<a href=\"http:\/\/www.infotag.md\/rebelion-ro\/260851\/\">http:\/\/www.infotag.md\/<\/a><\/p>\n","protected":false},"excerpt":{"rendered":"<p>Autorit\u0103\u0163ile Transnistriei sunt mul\u0163umite de \u00eencheierea noului contract pentru furnizarea energiei electrice de la CERS Moldoveneasc\u0103 pentru Republica Moldova. Potrivit agen\u0163iei INFOTAG, pre\u015fedintele guvernului autoproclamatei RMN, Alexandr Mart\u00eenov, a spus la televiziunea local\u0103 c\u0103 \u00een noul contract, prev\u0103zut pentru perioada 1 aprilie 2018 \u2013 31 martie 2019, pre\u021bul energiei electrice a crescut de la 4,5&#8230;<\/p>\n","protected":false},"author":2,"featured_media":0,"comment_status":"closed","ping_status":"open","sticky":false,"template":"","format":"standard","meta":[],"categories":[1],"tags":[],"_links":{"self":[{"href":"https:\/\/centers.ulbsibiu.ro\/ccsprise\/lact\/wp-json\/wp\/v2\/posts\/4469"}],"collection":[{"href":"https:\/\/centers.ulbsibiu.ro\/ccsprise\/lact\/wp-json\/wp\/v2\/posts"}],"about":[{"href":"https:\/\/centers.ulbsibiu.ro\/ccsprise\/lact\/wp-json\/wp\/v2\/types\/post"}],"author":[{"embeddable":true,"href":"https:\/\/centers.ulbsibiu.ro\/ccsprise\/lact\/wp-json\/wp\/v2\/users\/2"}],"replies":[{"embeddable":true,"href":"https:\/\/centers.ulbsibiu.ro\/ccsprise\/lact\/wp-json\/wp\/v2\/comments?post=4469"}],"version-history":[{"count":1,"href":"https:\/\/centers.ulbsibiu.ro\/ccsprise\/lact\/wp-json\/wp\/v2\/posts\/4469\/revisions"}],"predecessor-version":[{"id":4470,"href":"https:\/\/centers.ulbsibiu.ro\/ccsprise\/lact\/wp-json\/wp\/v2\/posts\/4469\/revisions\/4470"}],"wp:attachment":[{"href":"https:\/\/centers.ulbsibiu.ro\/ccsprise\/lact\/wp-json\/wp\/v2\/media?parent=4469"}],"wp:term":[{"taxonomy":"category","embeddable":true,"href":"https:\/\/centers.ulbsibiu.ro\/ccsprise\/lact\/wp-json\/wp\/v2\/categories?post=4469"},{"taxonomy":"post_tag","embeddable":true,"href":"https:\/\/centers.ulbsibiu.ro\/ccsprise\/lact\/wp-json\/wp\/v2\/tags?post=4469"}],"curies":[{"name":"wp","href":"https:\/\/api.w.org\/{rel}","templated":true}]}}