{"id":4461,"date":"2018-03-18T18:18:28","date_gmt":"2018-03-18T16:18:28","guid":{"rendered":"https:\/\/centers.ulbsibiu.ro\/ccsprise\/lact\/?p=4461"},"modified":"2018-03-18T18:18:28","modified_gmt":"2018-03-18T16:18:28","slug":"gov-md-tiraspolul-continua-sa-fortifice-infrastructura-structurilor-sale-de-forta-in-preajma-satului-bacioc","status":"publish","type":"post","link":"https:\/\/centers.ulbsibiu.ro\/ccsprise\/lact\/gov-md-tiraspolul-continua-sa-fortifice-infrastructura-structurilor-sale-de-forta-in-preajma-satului-bacioc\/","title":{"rendered":"Gov.md &#8211; Tiraspolul continu\u0103 s\u0103 fortifice infrastructura structurilor sale de for\u0163\u0103 \u00een preajma satului B\u00e2cioc"},"content":{"rendered":"<p>La 15 martie 2018 \u00een or. Bender\u00a0 a avut loc \u015fedin\u0163a extraordinar\u0103 a Comisiei Unificate de Control (CUC), la care au fost examinate mai multe subiecte. La propunerea delega\u021biei moldovene\u0219ti, CUC a examinat \u0219i a confirmat \u00een func\u021bie un observator militar din partea Republicii Moldova.<\/p>\n<p>Comisia a aprobat, de asemenea, raportul s\u0103pt\u0103m\u00e2nal al Comandamentului Militar \u00centrunit (CMI) privind situa\u0163ia \u00een Zona de Securitate pe perioada 7 \u2013 13 martie 2018.<\/p>\n<p>Delega\u021bia transnistrean\u0103 a difuzat textul unei adres\u0103ri, prin care a recunoscut, de fapt, c\u0103 \u00een luna noiembrie 2017, \u00een ajunul zilei de 18 noiembrie, c\u00e2nd urma s\u0103 aib\u0103 loc ceremonia oficial\u0103 de redeschidere a circula\u021biei pe podul peste r. Nistru din preajma satelor Gura B\u00e2cului \u0219i B\u00e2cioc, reprezentan\u0163ii Tiraspolului, f\u0103r\u0103 o coordonare prealabil\u0103 cu CUC, au procedat la fortificarea infrastructurii postului structurilor de for\u021b\u0103 transnistrene din preajma s. B\u00eecioc, inclusiv prin cre\u015fterea num\u0103rului de personal: \u201dgr\u0103niceri\u201d, \u201dmili\u021bieni\u201d din cadrul \u201dserviciului migra\u021bional\u201d \u0219i \u201dvame\u015fi\u201d, care au fost abilita\u0163i cu \u00eenregistrarea \u0219i controlul obligatoriu al tuturor persoanelor \u0219i mijloacelor de transport care vor circula peste pod.<\/p>\n<p>Aceste ac\u021biuni unilaterale ale Tiraspolului vin \u00een dezacord cu \u00een\u0163elegerile convenite anterior \u00een cadrul CUC \u015fi reprezint\u0103 o dovad\u0103 cert\u0103 a faptului c\u0103 partea transnistrean\u0103 refuz\u0103 s\u0103 respecte regimul Zonei de Securitate \u0219i angajamentele asumate.<\/p>\n<p>Mai mult ca at\u00e2t, suplimentar la ac\u0163iunile \u00eentreprinse deja, prin acest document reprezentan\u0163ii Tiraspolului, \u015fi-au reiterat inten\u021bia de a construi \u00een urm\u0103toarele luni o a\u0219a-numit\u0103 \u201dparcare\u201d cu infrastructura \u0219i func\u021biile unui veritabil terminal vamal pentru camioanele de mare tonaj \u0219i alt tip de transport.<\/p>\n<p>Astfel, putem afirma cu toat\u0103 certitudinea c\u0103 \u00eengrijor\u0103rile expuse de nenum\u0103rate ori pe parcursul ultimelor luni de c\u0103tre partea moldoveneasc\u0103 \u00een leg\u0103tur\u0103 cu inten\u0163iile \u015fi ac\u0163iunile destabilizatoare \u00eentreprinse de reprezentan\u0163ii Tiraspolului au fost \u00eentru totul \u00eentemeiate \u0219i justificate.<\/p>\n<p>\u00cen leg\u0103tur\u0103 cu situa\u0163ia creat\u0103 delega\u0163ia moldoveneasc\u0103 a atras din nou aten\u021bia delega\u021biei Federa\u021biei Ruse, a reprezentan\u021bilor Ucrainei \u0219i Misiunii OSCE asupra faptului c\u0103 realizarea practic\u0103 de c\u0103tre structurile tiraspolene a inten\u021biilor lor va crea noi impedimente \u00een calea liberei circula\u021bii a oamenilor de pe ambele maluri ale r. Nistru \u015fi va genera noi tensiuni \u00een Zona de Securitate.<\/p>\n<p>\u00cen contextul acestor evolu\u0163ii, consider\u0103m c\u0103, pentru a nu admite destabilizarea \u00een continuare a situa\u021biei \u00een Zona de Securitate, se impune aplicarea ne\u00eent\u00e2rziat\u0103 de c\u0103tre misiunea de pacificare a tuturor p\u00e2rghiilor de care dispune.<\/p>\n<p>Urm\u0103toarea \u015fedin\u0163\u0103 a Comisiei va avea loc pe data de 22 martie 2018.<\/p>\n<p>&nbsp;<\/p>\n<p><strong>Delega\u021bia Republicii Moldova \u00een CUC<\/strong><\/p>\n<p>&nbsp;<\/p>\n<p>Sursa:\u00a0<a href=\"http:\/\/gov.md\/ro\/content\/tiraspolul-continua-sa-fortifice-infrastructura-structurilor-sale-de-forta-preajma-satului\">http:\/\/gov.md\/<\/a><\/p>\n","protected":false},"excerpt":{"rendered":"<p>La 15 martie 2018 \u00een or. Bender\u00a0 a avut loc \u015fedin\u0163a extraordinar\u0103 a Comisiei Unificate de Control (CUC), la care au fost examinate mai multe subiecte. La propunerea delega\u021biei moldovene\u0219ti, CUC a examinat \u0219i a confirmat \u00een func\u021bie un observator militar din partea Republicii Moldova. Comisia a aprobat, de asemenea, raportul s\u0103pt\u0103m\u00e2nal al Comandamentului Militar&#8230;<\/p>\n","protected":false},"author":2,"featured_media":0,"comment_status":"closed","ping_status":"open","sticky":false,"template":"","format":"standard","meta":[],"categories":[1],"tags":[],"_links":{"self":[{"href":"https:\/\/centers.ulbsibiu.ro\/ccsprise\/lact\/wp-json\/wp\/v2\/posts\/4461"}],"collection":[{"href":"https:\/\/centers.ulbsibiu.ro\/ccsprise\/lact\/wp-json\/wp\/v2\/posts"}],"about":[{"href":"https:\/\/centers.ulbsibiu.ro\/ccsprise\/lact\/wp-json\/wp\/v2\/types\/post"}],"author":[{"embeddable":true,"href":"https:\/\/centers.ulbsibiu.ro\/ccsprise\/lact\/wp-json\/wp\/v2\/users\/2"}],"replies":[{"embeddable":true,"href":"https:\/\/centers.ulbsibiu.ro\/ccsprise\/lact\/wp-json\/wp\/v2\/comments?post=4461"}],"version-history":[{"count":1,"href":"https:\/\/centers.ulbsibiu.ro\/ccsprise\/lact\/wp-json\/wp\/v2\/posts\/4461\/revisions"}],"predecessor-version":[{"id":4462,"href":"https:\/\/centers.ulbsibiu.ro\/ccsprise\/lact\/wp-json\/wp\/v2\/posts\/4461\/revisions\/4462"}],"wp:attachment":[{"href":"https:\/\/centers.ulbsibiu.ro\/ccsprise\/lact\/wp-json\/wp\/v2\/media?parent=4461"}],"wp:term":[{"taxonomy":"category","embeddable":true,"href":"https:\/\/centers.ulbsibiu.ro\/ccsprise\/lact\/wp-json\/wp\/v2\/categories?post=4461"},{"taxonomy":"post_tag","embeddable":true,"href":"https:\/\/centers.ulbsibiu.ro\/ccsprise\/lact\/wp-json\/wp\/v2\/tags?post=4461"}],"curies":[{"name":"wp","href":"https:\/\/api.w.org\/{rel}","templated":true}]}}