{"id":4456,"date":"2018-03-18T15:28:41","date_gmt":"2018-03-18T13:28:41","guid":{"rendered":"https:\/\/centers.ulbsibiu.ro\/ccsprise\/lact\/?p=4456"},"modified":"2018-03-18T15:28:41","modified_gmt":"2018-03-18T13:28:41","slug":"infotag-md-ministrul-de-externe-al-moldovei-este-ingrijorat-in-legatura-cu-declaratiile-reprezentantului-special-al-osce","status":"publish","type":"post","link":"https:\/\/centers.ulbsibiu.ro\/ccsprise\/lact\/infotag-md-ministrul-de-externe-al-moldovei-este-ingrijorat-in-legatura-cu-declaratiile-reprezentantului-special-al-osce\/","title":{"rendered":"Infotag.md &#8211; MINISTRUL DE EXTERNE AL MOLDOVEI ESTE \u00ceNGRIJORAT \u00ceN LEG\u0102TUR\u0102 CU DECLARA\u0162IILE REPREZENTANTULUI SPECIAL AL OSCE"},"content":{"rendered":"<p>Ministrul Afacerilor Externe \u0219i Integr\u0103rii Europene, Tudor Ulianovschi, \u015fi-a exprimat \u00eengrijorarea \u00een leg\u0103tur\u0103 cu declara\u0163iile recente ale reprezentantului special al OSCE pentru reglementarea transnistrean\u0103, Franco Frattini, precum c\u0103 \u201esolicitarea Chi\u0219in\u0103ului privind retragerea trupelor ruse din Moldova este desprins\u0103 de realitate\u201d.<\/p>\n<p>\u201eDeclara\u021biile f\u0103cute de domnul Frattini pentru presa rus\u0103 prezint\u0103 un interes, dar \u0219i o \u00eengrijorare, \u00een special cu privire la retragerea trupelor militare \u0219i muni\u021biilor str\u0103ine de pe teritoriul Republicii Moldova\u201d, a spus el.<\/p>\n<p>Ministrul a amintit de deciziile summit-ului de la Istanbul din 1999, c\u00e2nd Federa\u021bia Rus\u0103 \u0219i-a luat angajamentul de a retrage trupele \u0219i muni\u021biile de pe teritoriul Republicii Moldova<\/p>\n<p>\u201ePozi\u021bia autorit\u0103\u021bilor de la Chi\u0219in\u0103u \u00een aceast\u0103 privin\u0163\u0103 este recunoscut\u0103 pe plan interna\u021bional: prezen\u021ba trupelor \u0219i muni\u021biilor str\u0103ine pe teritoriul \u021b\u0103rii nu este acceptat\u0103, fapt recunoscut \u0219i acceptat de c\u0103tre to\u021bi membrii OSCE\u201d, a spus Ulianovschi.<\/p>\n<p>El s-a referit la activitatea anterioar\u0103 a lui Franco Frattini.<\/p>\n<p>\u201eApreciez foarte mult presta\u021bia anterioar\u0103 \u0219i experien\u021ba politic\u0103 a domnului Frattini \u0219i contez pe \u00een\u021belepciunea acestuia ca atunci c\u00e2nd dumnealui va veni la Chi\u0219in\u0103u \u0219i va efectua o vizit\u0103 la Tiraspol s\u0103 se documenteze cu situa\u021bia real\u0103, actual\u0103 \u00een scopul implement\u0103rii cu succes a acelor protocoale care au fost adoptate pe final de mandat \u00een cadrul pre\u0219edin\u021biei Austriei a OSCE\u201d, a subliniat ministrul.<\/p>\n<p>El a men\u0163ionat c\u0103 Franco Frattini va veni \u00een Moldova s\u0103pt\u0103m\u00e2na viitoare.<\/p>\n<p>\u201eCred c\u0103 este important s\u0103 avem o comunicare deschis\u0103 \u0219i direct\u0103 cu dumnealui, f\u0103r\u0103 intermediari, astfel \u00eenc\u00e2t domnia sa s\u0103 cunoasc\u0103 aceste realit\u0103\u021bi care sunt \u00een Republica Moldova, pe de-o parte. Pe de alt\u0103 parte, \u00een declara\u021biile sale s\u0103 \u021bin\u0103 cont de acele angajamente care au avut loc \u0219i care s-au convenit \u00een diferite formate \u00een cadrul OSCE\u201d, a remarcat ministrul.<\/p>\n<p>\u00cen opinia sa, orice declara\u021bie care se face de c\u0103tre un reprezentant special al OSCE \u201ctrebuie s\u0103 \u021bin\u0103 cont de aceste procese pentru a nu politiza dialogul\u201d.<\/p>\n<p>\u201cFranco Frattini trebuie s\u0103 contribuie prin mandatul s\u0103u la apropierea ambelor maluri \u0219i s\u0103 faciliteze acele decizii care ar veni \u00een beneficiul cet\u0103\u021benilor\u201d, a notat Tudor Ulianovschi \u00eentr-un interviu pentru Radio Chi\u0219in\u0103u.<\/p>\n<p>Sursa:\u00a0<a href=\"http:\/\/www.infotag.md\/rebelion-ro\/260768\/\">http:\/\/www.infotag.md\/<\/a><\/p>\n","protected":false},"excerpt":{"rendered":"<p>Ministrul Afacerilor Externe \u0219i Integr\u0103rii Europene, Tudor Ulianovschi, \u015fi-a exprimat \u00eengrijorarea \u00een leg\u0103tur\u0103 cu declara\u0163iile recente ale reprezentantului special al OSCE pentru reglementarea transnistrean\u0103, Franco Frattini, precum c\u0103 \u201esolicitarea Chi\u0219in\u0103ului privind retragerea trupelor ruse din Moldova este desprins\u0103 de realitate\u201d. \u201eDeclara\u021biile f\u0103cute de domnul Frattini pentru presa rus\u0103 prezint\u0103 un interes, dar \u0219i o \u00eengrijorare,&#8230;<\/p>\n","protected":false},"author":2,"featured_media":0,"comment_status":"closed","ping_status":"open","sticky":false,"template":"","format":"standard","meta":[],"categories":[1],"tags":[],"_links":{"self":[{"href":"https:\/\/centers.ulbsibiu.ro\/ccsprise\/lact\/wp-json\/wp\/v2\/posts\/4456"}],"collection":[{"href":"https:\/\/centers.ulbsibiu.ro\/ccsprise\/lact\/wp-json\/wp\/v2\/posts"}],"about":[{"href":"https:\/\/centers.ulbsibiu.ro\/ccsprise\/lact\/wp-json\/wp\/v2\/types\/post"}],"author":[{"embeddable":true,"href":"https:\/\/centers.ulbsibiu.ro\/ccsprise\/lact\/wp-json\/wp\/v2\/users\/2"}],"replies":[{"embeddable":true,"href":"https:\/\/centers.ulbsibiu.ro\/ccsprise\/lact\/wp-json\/wp\/v2\/comments?post=4456"}],"version-history":[{"count":1,"href":"https:\/\/centers.ulbsibiu.ro\/ccsprise\/lact\/wp-json\/wp\/v2\/posts\/4456\/revisions"}],"predecessor-version":[{"id":4457,"href":"https:\/\/centers.ulbsibiu.ro\/ccsprise\/lact\/wp-json\/wp\/v2\/posts\/4456\/revisions\/4457"}],"wp:attachment":[{"href":"https:\/\/centers.ulbsibiu.ro\/ccsprise\/lact\/wp-json\/wp\/v2\/media?parent=4456"}],"wp:term":[{"taxonomy":"category","embeddable":true,"href":"https:\/\/centers.ulbsibiu.ro\/ccsprise\/lact\/wp-json\/wp\/v2\/categories?post=4456"},{"taxonomy":"post_tag","embeddable":true,"href":"https:\/\/centers.ulbsibiu.ro\/ccsprise\/lact\/wp-json\/wp\/v2\/tags?post=4456"}],"curies":[{"name":"wp","href":"https:\/\/api.w.org\/{rel}","templated":true}]}}