{"id":4440,"date":"2018-03-16T09:26:02","date_gmt":"2018-03-16T07:26:02","guid":{"rendered":"https:\/\/centers.ulbsibiu.ro\/ccsprise\/lact\/?p=4440"},"modified":"2018-03-16T09:26:02","modified_gmt":"2018-03-16T07:26:02","slug":"infotag-md-banca-mondiala-va-ajuta-transnistria-sa-si-modernizeze-serviciul-de-statistica","status":"publish","type":"post","link":"https:\/\/centers.ulbsibiu.ro\/ccsprise\/lact\/infotag-md-banca-mondiala-va-ajuta-transnistria-sa-si-modernizeze-serviciul-de-statistica\/","title":{"rendered":"Infotag.md &#8211; BANCA MONDIAL\u0102 VA AJUTA TRANSNISTRIA S\u0102-\u015eI MODERNIZEZE SERVICIUL DE STATISTIC\u0102"},"content":{"rendered":"<p>Transnistria este interesat\u0103 de cooperarea metodologic\u0103 cu banca Mondial\u0103 (BM), \u00een special \u201e\u00een domeniul statisticii de stat, \u00een acordarea serviciilor publice \u00een form\u0103 electronic\u0103 \u015fi \u00een \u00eembun\u0103t\u0103\u0163irea mediului de afaceri\u201d. O declara\u0163ie \u00een acest sens a f\u0103cut pre\u015fedintele guvernului autoproclamatei RMN, Alexandr Mart\u00eenov, care a primit \u00een ajun o delega\u0163ie a BM, condus\u0103 de reprezentatul permanent \u00een Moldova, Anna Akhalkatsi.<\/p>\n<p>Potrivit agen\u0163iei INFOTAG cu referire al site-ul guvernului transnistrean, Mart\u00eenov a spus c\u0103 executivul are experien\u0163a unei cooper\u0103ri reu\u015fite cu organiza\u0163iile de exper\u0163i str\u0103ine, de exemplu, cu compania german\u0103 de consulting \u201eBerlin Economics\u201d.<\/p>\n<p>\u201eAm avut o activitate destul de eficient\u0103. Compania a preg\u0103tit recomand\u0103ri sistemice pentru construirea politicii bugetar-fiscale, care vor sta par\u0163ial la baza activit\u0103\u0163ii guvernului \u00een preg\u0103tirea strategiei bugetare\u201d, a spus Mart\u00eenov.<\/p>\n<p>Anna Akhalkatsi a spus c\u0103 scopul vizitei sale este de a discuta despre necesit\u0103\u021bile p\u0103r\u021bii transnistrene \u0219i modalit\u0103\u0163ile de a oferi asisten\u021b\u0103 \u00een diverse aspecte. Potrivit ei, exper\u021bii BM au nevoie de timp pentru a \u00een\u021belege problemele \u0219i a identifica direc\u0163iile \u00een care participarea exper\u021bilor ar fi cea mai eficient\u0103, \u00eens\u0103, \u201eav\u00e2nd \u00een vedere situa\u0163ia din statistica de stat, putem \u00eencepe s\u0103 lucr\u0103m \u00eempreun\u0103 \u00een acest domeniu.\u201c<\/p>\n<p>\u00cen aceea\u015fi zi, Anna Akhalkatsi s-a \u00eent\u00e2lnit \u015fi cu viceprim-ministrul pentru reintegrarea RM, Cristina Lesnic. La \u00eentrevedere au mai participat viceguvernatorul B\u0103ncii Na\u021bionale a Moldovei, Ion Sturzu, \u0219i directorul general al Biroului Na\u021bional de Statistic\u0103, Vitalie Valcov.<\/p>\n<p>Oficialii au f\u0103cut un schimb de opinii pe marginea proiectelor implementate de c\u0103tre Banca Mondial\u0103 \u00een Republica Moldova, fiind trecute \u00een revist\u0103 progresele \u00eenregistrate \u00een acest sens \u0219i men\u021bionat\u0103 necesitatea promov\u0103rii unei abord\u0103ri unice la nivel na\u021bional \u0219i \u00een privin\u021ba programelor de asisten\u021b\u0103 propuse spre realizare \u00een raioanele de est ale \u021b\u0103rii.<\/p>\n<p>\u00cen particular, au fost discutate perspectivele de demarare a unor proiecte de asisten\u021b\u0103 pentru modernizarea serviciilor statistice din regiunea transnistrean\u0103, fiind precizat\u0103 obligativitatea ca aceste proiecte s\u0103 fie implementate \u00eentr-o manier\u0103 transparent\u0103 \u0219i conform\u0103 angajamentelor convenite cu Guvernul Republicii Moldova, cu \u00eencadrarea obiectivelor propuse \u00een priorit\u0103\u021bile politicii de reintegrare a \u021b\u0103rii \u0219i coordonarea tuturor m\u0103surilor cu Biroul politici de reintegrare \u0219i Biroul Na\u021bional de Statistic\u0103.<\/p>\n<p>La \u015fedin\u0163\u0103 s-a men\u0163ionat c\u0103 \u00een procesul de prelucrare a datelor statistice este necesar\u0103 respectarea exigen\u021belor interna\u021bionale \u00een materia protec\u021biei datelor cu caracter personal, asigurarea drepturilor \u0219i libert\u0103\u021bilor fundamentale ale omului, accesarea informa\u021biilor cu acces restric\u021bionat.<\/p>\n<p>Sursa:\u00a0<a href=\"http:\/\/www.infotag.md\/rebelion-ro\/260677\/\">http:\/\/www.infotag.md\/<\/a><\/p>\n","protected":false},"excerpt":{"rendered":"<p>Transnistria este interesat\u0103 de cooperarea metodologic\u0103 cu banca Mondial\u0103 (BM), \u00een special \u201e\u00een domeniul statisticii de stat, \u00een acordarea serviciilor publice \u00een form\u0103 electronic\u0103 \u015fi \u00een \u00eembun\u0103t\u0103\u0163irea mediului de afaceri\u201d. O declara\u0163ie \u00een acest sens a f\u0103cut pre\u015fedintele guvernului autoproclamatei RMN, Alexandr Mart\u00eenov, care a primit \u00een ajun o delega\u0163ie a BM, condus\u0103 de reprezentatul&#8230;<\/p>\n","protected":false},"author":2,"featured_media":0,"comment_status":"closed","ping_status":"open","sticky":false,"template":"","format":"standard","meta":[],"categories":[1],"tags":[],"_links":{"self":[{"href":"https:\/\/centers.ulbsibiu.ro\/ccsprise\/lact\/wp-json\/wp\/v2\/posts\/4440"}],"collection":[{"href":"https:\/\/centers.ulbsibiu.ro\/ccsprise\/lact\/wp-json\/wp\/v2\/posts"}],"about":[{"href":"https:\/\/centers.ulbsibiu.ro\/ccsprise\/lact\/wp-json\/wp\/v2\/types\/post"}],"author":[{"embeddable":true,"href":"https:\/\/centers.ulbsibiu.ro\/ccsprise\/lact\/wp-json\/wp\/v2\/users\/2"}],"replies":[{"embeddable":true,"href":"https:\/\/centers.ulbsibiu.ro\/ccsprise\/lact\/wp-json\/wp\/v2\/comments?post=4440"}],"version-history":[{"count":1,"href":"https:\/\/centers.ulbsibiu.ro\/ccsprise\/lact\/wp-json\/wp\/v2\/posts\/4440\/revisions"}],"predecessor-version":[{"id":4441,"href":"https:\/\/centers.ulbsibiu.ro\/ccsprise\/lact\/wp-json\/wp\/v2\/posts\/4440\/revisions\/4441"}],"wp:attachment":[{"href":"https:\/\/centers.ulbsibiu.ro\/ccsprise\/lact\/wp-json\/wp\/v2\/media?parent=4440"}],"wp:term":[{"taxonomy":"category","embeddable":true,"href":"https:\/\/centers.ulbsibiu.ro\/ccsprise\/lact\/wp-json\/wp\/v2\/categories?post=4440"},{"taxonomy":"post_tag","embeddable":true,"href":"https:\/\/centers.ulbsibiu.ro\/ccsprise\/lact\/wp-json\/wp\/v2\/tags?post=4440"}],"curies":[{"name":"wp","href":"https:\/\/api.w.org\/{rel}","templated":true}]}}