{"id":4438,"date":"2018-03-16T09:22:46","date_gmt":"2018-03-16T07:22:46","guid":{"rendered":"https:\/\/centers.ulbsibiu.ro\/ccsprise\/lact\/?p=4438"},"modified":"2018-03-16T09:22:46","modified_gmt":"2018-03-16T07:22:46","slug":"ziarulnational-md-victor-parlicov-despre-noile-contracte-de-achizitie-a-energiei-electrice-din-transnistria-noi-finantam-agenda-federatiei-ruse-pentru-r-moldova-cea-de-mentinere-a-confl","status":"publish","type":"post","link":"https:\/\/centers.ulbsibiu.ro\/ccsprise\/lact\/ziarulnational-md-victor-parlicov-despre-noile-contracte-de-achizitie-a-energiei-electrice-din-transnistria-noi-finantam-agenda-federatiei-ruse-pentru-r-moldova-cea-de-mentinere-a-confl\/","title":{"rendered":"Ziarulnational.md &#8211; Victor Parlicov, despre noile contracte de achizi\u021bie a energiei electrice din Transnistria: \u201eNoi finan\u021b\u0103m agenda Federa\u021biei Ruse pentru R. Moldova, cea de men\u021binere a conflictului transnistrean\u201d"},"content":{"rendered":"<p><span style=\"display: inline !important; float: none; background-color: transparent; color: #383536; font-family: 'Open Sans',sans-serif; font-size: 16px; font-style: normal; font-variant: normal; font-weight: 400; letter-spacing: normal; orphans: 2; text-align: left; text-decoration: none; text-indent: 0px; text-transform: none; -webkit-text-stroke-width: 0px; white-space: normal; word-spacing: 0px;\">At\u00e2ta timp c\u00e2t procur\u0103m energie electric\u0103 din regiunea transnistrean\u0103, noi finan\u021b\u0103m separatismul de la Tiraspol. <\/span><\/p>\n<p><span style=\"display: inline !important; float: none; background-color: transparent; color: #383536; font-family: 'Open Sans',sans-serif; font-size: 16px; font-style: normal; font-variant: normal; font-weight: 400; letter-spacing: normal; orphans: 2; text-align: left; text-decoration: none; text-indent: 0px; text-transform: none; -webkit-text-stroke-width: 0px; white-space: normal; word-spacing: 0px;\"> De aceast\u0103 p\u0103rere este expertul \u00een energetic\u0103, Victor Parlicov, care a comentat <\/span><a href=\"http:\/\/www.ziarulnational.md\/ultima-ora-r-moldova-a-semnat-noile-contracte-de-achizitionare-a-energiei-electrice-tarifele-ar-putea-fi-mai-mici\/\" target=\"_blank\" rel=\"noopener\">anun\u021bul privind semnarea de c\u0103tre SA \u201eEnergocom\u201d<\/a><span style=\"display: inline !important; float: none; background-color: transparent; color: #383536; font-family: 'Open Sans',sans-serif; font-size: 16px; font-style: normal; font-variant: normal; font-weight: 400; letter-spacing: normal; orphans: 2; text-align: left; text-decoration: none; text-indent: 0px; text-transform: none; -webkit-text-stroke-width: 0px; white-space: normal; word-spacing: 0px;\"> a contractelor de achizi\u021bie a energiei electrice, valabile pentru urm\u0103torul an, 70% &#8211; de la Centrala electric\u0103 moldoveneasc\u0103 (Centrala de la Cuciurgan) \u0219i 30% &#8211; de la \u201eDTEK Pavlogradugoli\u201d din Ucraina. <\/span><\/p>\n<p><span style=\"display: inline !important; float: none; background-color: transparent; color: #383536; font-family: 'Open Sans',sans-serif; font-size: 16px; font-style: normal; font-variant: normal; font-weight: 400; letter-spacing: normal; orphans: 2; text-align: left; text-decoration: none; text-indent: 0px; text-transform: none; -webkit-text-stroke-width: 0px; white-space: normal; word-spacing: 0px;\"> \u201eCu fiecare kWh pe care noi \u00eel cump\u0103r\u0103m din regiunea transnistrean\u0103, noi finan\u021b\u0103m separatismul la noi \u00een republic\u0103 cu bani proprii, iar compania care \u00eencheie aceste contracte, \u201eEnergocom\u201d, este una controlat\u0103 de Guvern. Deci, pe de o parte noi vorbim de Uniunea European\u0103, avem o retoric\u0103 vehement\u0103 \u00eempotriva implica\u021biilor Federa\u021biei Ruse, iar pe de alt\u0103 parte noi finan\u021b\u0103m agenda Federa\u021biei Ruse pentru R. Moldova, cea de men\u021binere a conflictului transnistrean\u201d, a declarat Victor Parlicov. <\/span><\/p>\n<p><span style=\"display: inline !important; float: none; background-color: transparent; color: #383536; font-family: 'Open Sans',sans-serif; font-size: 16px; font-style: normal; font-variant: normal; font-weight: 400; letter-spacing: normal; orphans: 2; text-align: left; text-decoration: none; text-indent: 0px; text-transform: none; -webkit-text-stroke-width: 0px; white-space: normal; word-spacing: 0px;\"> Expertul s-a referit \u0219i la pre\u021bul mai mic la energia electric\u0103 pe care \u00eel ofer\u0103 Centrala de la Cuciurgan, compar\u00e2nd serviciile stomatologice acordate de un dentist \u0219i un boxer. <\/span><\/p>\n<p><span style=\"display: inline !important; float: none; background-color: transparent; color: #383536; font-family: 'Open Sans',sans-serif; font-size: 16px; font-style: normal; font-variant: normal; font-weight: 400; letter-spacing: normal; orphans: 2; text-align: left; text-decoration: none; text-indent: 0px; text-transform: none; -webkit-text-stroke-width: 0px; white-space: normal; word-spacing: 0px;\"> \u201ePre\u021burile oferite de Centrala electric\u0103 moldoveneasc\u0103 \u0219i cele ale companiei ucrainene nu sunt comparabile. Exact cum ai pl\u0103ti servicii de scoatere a dintelui la dentist \u0219i boxer \u0219i te-ai duce unde este mai ieftin. La boxer probabil este mai ieftin, dar sunt \u0219i ni\u0219te efecte secundare. Exact a\u0219a e \u0219i aici. Dac\u0103 noi compar\u0103m doar pre\u021burile, atunci da, la Centrala electric\u0103 moldoveneasc\u0103 poate fi mai ieftin, dar s\u0103 nu uit\u0103m c\u0103, pe l\u00e2ng\u0103 pre\u021bul pe care \u00eel pl\u0103tim pentru energia electric\u0103 de aici, mai vine factura pentru gaze, se acumuleaz\u0103 datoria pentru gazul care va r\u0103m\u00e2ne nepl\u0103tit, care va fi consumat de Centrala de la Cuciurgan \u0219i va r\u0103m\u00e2ne nepl\u0103tit fa\u021b\u0103 de <\/span><em>Gazprom<\/em><span style=\"display: inline !important; float: none; background-color: transparent; color: #383536; font-family: 'Open Sans',sans-serif; font-size: 16px; font-style: normal; font-variant: normal; font-weight: 400; letter-spacing: normal; orphans: 2; text-align: left; text-decoration: none; text-indent: 0px; text-transform: none; -webkit-text-stroke-width: 0px; white-space: normal; word-spacing: 0px;\">\u201d, a ad\u0103ugat Victor Parlicov. <\/span><\/p>\n<p><span style=\"display: inline !important; float: none; background-color: transparent; color: #383536; font-family: 'Open Sans',sans-serif; font-size: 16px; font-style: normal; font-variant: normal; font-weight: 400; letter-spacing: normal; orphans: 2; text-align: left; text-decoration: none; text-indent: 0px; text-transform: none; -webkit-text-stroke-width: 0px; white-space: normal; word-spacing: 0px;\"> Expertul a detaliat c\u0103 gazul consumat de aceast\u0103 central\u0103 este oferit de c\u0103tre \u201eGazprom\u201d Chi\u0219in\u0103ului care \u00eel livreaz\u0103 Transnistriei \u0219i, prin urmare, compania ruseasc\u0103 trece aceast\u0103 datorie \u00een contul R. Moldova. Anterior, <\/span><a href=\"https:\/\/www.ziarulnational.md\/interviu-oficial-r-moldova-sustine-financiar-separatismul-din-transnistria\/\" target=\"_blank\" rel=\"noopener\">expertul a calculat <\/a><span style=\"display: inline !important; float: none; background-color: transparent; color: #383536; font-family: 'Open Sans',sans-serif; font-size: 16px; font-style: normal; font-variant: normal; font-weight: 400; letter-spacing: normal; orphans: 2; text-align: left; text-decoration: none; text-indent: 0px; text-transform: none; -webkit-text-stroke-width: 0px; white-space: normal; word-spacing: 0px;\">c\u0103 aceast\u0103 datorie s-ar ridica la peste \u0219ase miliarde de dolari. <\/span><\/p>\n<p><span style=\"display: inline !important; float: none; background-color: transparent; color: #383536; font-family: 'Open Sans',sans-serif; font-size: 16px; font-style: normal; font-variant: normal; font-weight: 400; letter-spacing: normal; orphans: 2; text-align: left; text-decoration: none; text-indent: 0px; text-transform: none; -webkit-text-stroke-width: 0px; white-space: normal; word-spacing: 0px;\"> \u201eP\u00e2n\u0103 nu se rezolv\u0103 problema datoriei la gaze \u00een contextul func\u021bion\u0103rii centralei din st\u00e2nga Nistrului, nu vom avea nici pia\u021b\u0103 liberalizat\u0103 la energia electric\u0103 \u0219i nici conexiunile pe care le vom face cu Rom\u00e2nia nu vor rezolva problema. Eu nu-mi imaginez cum un furnizor din Rom\u00e2nia sau din alt\u0103 parte va putea concura cu o central\u0103 care nu-\u0219i pl\u0103te\u0219te costurile reale ale combustibilului\u201d, a mai spus Parlicov. <\/span><\/p>\n<p><span style=\"display: inline !important; float: none; background-color: transparent; color: #383536; font-family: 'Open Sans',sans-serif; font-size: 16px; font-style: normal; font-variant: normal; font-weight: 400; letter-spacing: normal; orphans: 2; text-align: left; text-decoration: none; text-indent: 0px; text-transform: none; -webkit-text-stroke-width: 0px; white-space: normal; word-spacing: 0px;\"> Un alt expert din domeniul energetic, Sergiu Tofilat, crede c\u0103 R. Moldova ar trebui s\u0103 se limiteze deocamdat\u0103 doar la energia electric\u0103 procurat\u0103 din Ucraina \u0219i, \u00een paralel, s\u0103 realizeze conexiunile re\u021belelor energetice cu Rom\u00e2nia.<\/span><\/p>\n<p>Sursa:\u00a0<a href=\"http:\/\/www.ziarulnational.md\/victor-parlicov-despre-noile-contracte-de-achizitie-a-energiei-electrice-din-transnistria-noi-finantam-agenda-federatiei-ruse-pentru-r-moldova-cea-de-mentinere-a-conflictului-transnistrean\/\">http:\/\/www.ziarulnational.md\/<\/a><\/p>\n","protected":false},"excerpt":{"rendered":"<p>At\u00e2ta timp c\u00e2t procur\u0103m energie electric\u0103 din regiunea transnistrean\u0103, noi finan\u021b\u0103m separatismul de la Tiraspol. De aceast\u0103 p\u0103rere este expertul \u00een energetic\u0103, Victor Parlicov, care a comentat anun\u021bul privind semnarea de c\u0103tre SA \u201eEnergocom\u201d a contractelor de achizi\u021bie a energiei electrice, valabile pentru urm\u0103torul an, 70% &#8211; de la Centrala electric\u0103 moldoveneasc\u0103 (Centrala de la&#8230;<\/p>\n","protected":false},"author":2,"featured_media":0,"comment_status":"closed","ping_status":"open","sticky":false,"template":"","format":"standard","meta":[],"categories":[1],"tags":[],"_links":{"self":[{"href":"https:\/\/centers.ulbsibiu.ro\/ccsprise\/lact\/wp-json\/wp\/v2\/posts\/4438"}],"collection":[{"href":"https:\/\/centers.ulbsibiu.ro\/ccsprise\/lact\/wp-json\/wp\/v2\/posts"}],"about":[{"href":"https:\/\/centers.ulbsibiu.ro\/ccsprise\/lact\/wp-json\/wp\/v2\/types\/post"}],"author":[{"embeddable":true,"href":"https:\/\/centers.ulbsibiu.ro\/ccsprise\/lact\/wp-json\/wp\/v2\/users\/2"}],"replies":[{"embeddable":true,"href":"https:\/\/centers.ulbsibiu.ro\/ccsprise\/lact\/wp-json\/wp\/v2\/comments?post=4438"}],"version-history":[{"count":1,"href":"https:\/\/centers.ulbsibiu.ro\/ccsprise\/lact\/wp-json\/wp\/v2\/posts\/4438\/revisions"}],"predecessor-version":[{"id":4439,"href":"https:\/\/centers.ulbsibiu.ro\/ccsprise\/lact\/wp-json\/wp\/v2\/posts\/4438\/revisions\/4439"}],"wp:attachment":[{"href":"https:\/\/centers.ulbsibiu.ro\/ccsprise\/lact\/wp-json\/wp\/v2\/media?parent=4438"}],"wp:term":[{"taxonomy":"category","embeddable":true,"href":"https:\/\/centers.ulbsibiu.ro\/ccsprise\/lact\/wp-json\/wp\/v2\/categories?post=4438"},{"taxonomy":"post_tag","embeddable":true,"href":"https:\/\/centers.ulbsibiu.ro\/ccsprise\/lact\/wp-json\/wp\/v2\/tags?post=4438"}],"curies":[{"name":"wp","href":"https:\/\/api.w.org\/{rel}","templated":true}]}}