{"id":4436,"date":"2018-03-16T09:20:36","date_gmt":"2018-03-16T07:20:36","guid":{"rendered":"https:\/\/centers.ulbsibiu.ro\/ccsprise\/lact\/?p=4436"},"modified":"2018-03-16T09:20:36","modified_gmt":"2018-03-16T07:20:36","slug":"infotag-md-negociatorul-transnistrean-partile-nu-reusesc-sa-ajunga-la-un-numitor-comun-pe-anumite-subiecte","status":"publish","type":"post","link":"https:\/\/centers.ulbsibiu.ro\/ccsprise\/lact\/infotag-md-negociatorul-transnistrean-partile-nu-reusesc-sa-ajunga-la-un-numitor-comun-pe-anumite-subiecte\/","title":{"rendered":"Infotag.md &#8211; NEGOCIATORUL TRANSNISTREAN: P\u0102R\u0162ILE NU REU\u015eESC S\u0102 AJUNG\u0102 LA UN NUMITOR COMUN PE ANUMITE SUBIECTE"},"content":{"rendered":"<p>Moldova \u015fi Transnistria \u201edeocamdat\u0103 nu reu\u015feasc\u0103 s\u0103 ajung\u0103 la un numitor comun pe anumite subiecte principiale\u201d. Despre aceasta ministrul de Externe al regiunii, Vitalii Ignatiev, l-a informat miercuri pe pre\u015fedintele autoproclamatei RMN, Vadim Krasnoselski, c\u0103ruia i-a raportat despre m\u0103surile \u00eentreprinse pentru solu\u021bionarea problemei particip\u0103rii transportului auto transnistrean la traficul rutier interna\u021bional.<\/p>\n<p>Potrivit agen\u0163iei INFOTAG cu referire la site-ul liderului de la Tiraspol, el a spus c\u0103 \u00eent\u00e2lnirile grupurilor de exper\u021bi se desf\u0103\u0219oar\u0103 aproape zilnic, iar \u00een ajun la Chi\u0219in\u0103u a avut loc o nou\u0103 \u015fedin\u0163\u0103, cu participarea reprezentan\u021bilor politici ai p\u0103r\u0163ilor \u0219i a reprezentan\u021bilor interna\u021bionali.<\/p>\n<p>\u201eExist\u0103 o schem\u0103 conceptual\u0103 la care lucr\u0103m. Exist\u0103 anumite pozi\u021bii ale p\u0103r\u021bilor. Problema principal\u0103 este c\u0103 partea moldoveneasc\u0103 respinge abordarea nediscriminatorie \u0219i nu este \u00eenc\u0103 preg\u0103tit\u0103 s\u0103 vad\u0103 locuitorii din Transnistria drept participan\u021bi, indiferent de apartenen\u0163a civico-juridic\u0103\u201d, a remarcat principalul negociator al regiunii.<\/p>\n<p>Potrivit lui, \u201eexist\u0103 unele discrepan\u0163e \u015fi \u00een unele chestiuni legate de definirea parametrilor de activitate a punctelor de \u00eenmatriculare a mijloacelor de transport\u201d.<\/p>\n<p>\u201eUrm\u0103toarea \u00eent\u00e2lnire a grupurilor de exper\u021bi va avea loc joi la Chi\u0219in\u0103u. Ulterior, vineri, la Tiraspol va avea loc o \u015fedin\u0163\u0103 cu participarea reprezentan\u021bilor politici\u201d, a spus Ignatiev.<\/p>\n<p>Vorbind despre \u201eprogresele \u00een solu\u021bionarea problemei bancare\u201d, el a men\u021bionat c\u0103 \u201ep\u0103r\u021bile sunt gata s\u0103 caute o solu\u0163ie pentru dep\u0103\u015firea acestei situa\u021bii dificile \u0219i s\u0103 \u00eenceap\u0103 \u00een viitorul apropiat activitatea cu grupul de lucru de profil\u201d.<\/p>\n<p>\u201eAst\u0103zi, conducerea guvernului transnistrean \u0219i a Ministerului Afacerilor Externe al RMN s-au \u00eent\u00e2lnit cu reprezentantul permanent al B\u0103ncii Mondiale \u00een Moldova, Anna Akhalkatsi. Aceasta este prima ei vizit\u0103 \u00een regiune. Am identificat parametri promi\u021b\u0103tori pentru cooperare. Am men\u0163ionat c\u0103 cooperarea interbancar\u0103 este una dintre direc\u0163iile \u00een care exper\u021bii BM ar putea s\u0103 se implice. Partea transnistrean\u0103 a preg\u0103tit deja un set de recomand\u0103ri\u201d, a spus el.<\/p>\n<p>Ignatiev a discutat cu pre\u0219edintele transnistrean \u015fi despre vizita \u00een Transnistria, pe 27 martie, a delega\u021biei pre\u0219edin\u0163iei OSCE, condus\u0103 de reprezentantul s\u0103u special, Franco Frattini.<\/p>\n<p>Sursa:\u00a0<a href=\"http:\/\/www.infotag.md\/rebelion-ro\/260659\/\">http:\/\/www.infotag.md\/<\/a><\/p>\n","protected":false},"excerpt":{"rendered":"<p>Moldova \u015fi Transnistria \u201edeocamdat\u0103 nu reu\u015feasc\u0103 s\u0103 ajung\u0103 la un numitor comun pe anumite subiecte principiale\u201d. Despre aceasta ministrul de Externe al regiunii, Vitalii Ignatiev, l-a informat miercuri pe pre\u015fedintele autoproclamatei RMN, Vadim Krasnoselski, c\u0103ruia i-a raportat despre m\u0103surile \u00eentreprinse pentru solu\u021bionarea problemei particip\u0103rii transportului auto transnistrean la traficul rutier interna\u021bional. Potrivit agen\u0163iei INFOTAG cu&#8230;<\/p>\n","protected":false},"author":2,"featured_media":0,"comment_status":"closed","ping_status":"open","sticky":false,"template":"","format":"standard","meta":[],"categories":[1],"tags":[],"_links":{"self":[{"href":"https:\/\/centers.ulbsibiu.ro\/ccsprise\/lact\/wp-json\/wp\/v2\/posts\/4436"}],"collection":[{"href":"https:\/\/centers.ulbsibiu.ro\/ccsprise\/lact\/wp-json\/wp\/v2\/posts"}],"about":[{"href":"https:\/\/centers.ulbsibiu.ro\/ccsprise\/lact\/wp-json\/wp\/v2\/types\/post"}],"author":[{"embeddable":true,"href":"https:\/\/centers.ulbsibiu.ro\/ccsprise\/lact\/wp-json\/wp\/v2\/users\/2"}],"replies":[{"embeddable":true,"href":"https:\/\/centers.ulbsibiu.ro\/ccsprise\/lact\/wp-json\/wp\/v2\/comments?post=4436"}],"version-history":[{"count":1,"href":"https:\/\/centers.ulbsibiu.ro\/ccsprise\/lact\/wp-json\/wp\/v2\/posts\/4436\/revisions"}],"predecessor-version":[{"id":4437,"href":"https:\/\/centers.ulbsibiu.ro\/ccsprise\/lact\/wp-json\/wp\/v2\/posts\/4436\/revisions\/4437"}],"wp:attachment":[{"href":"https:\/\/centers.ulbsibiu.ro\/ccsprise\/lact\/wp-json\/wp\/v2\/media?parent=4436"}],"wp:term":[{"taxonomy":"category","embeddable":true,"href":"https:\/\/centers.ulbsibiu.ro\/ccsprise\/lact\/wp-json\/wp\/v2\/categories?post=4436"},{"taxonomy":"post_tag","embeddable":true,"href":"https:\/\/centers.ulbsibiu.ro\/ccsprise\/lact\/wp-json\/wp\/v2\/tags?post=4436"}],"curies":[{"name":"wp","href":"https:\/\/api.w.org\/{rel}","templated":true}]}}