{"id":4434,"date":"2018-03-16T09:15:56","date_gmt":"2018-03-16T07:15:56","guid":{"rendered":"https:\/\/centers.ulbsibiu.ro\/ccsprise\/lact\/?p=4434"},"modified":"2018-03-16T09:15:56","modified_gmt":"2018-03-16T07:15:56","slug":"tvrmoldova-md-in-republica-moldova-sectii-de-vot-nu-pot-fi-deschise-in-transnistria-declara-ministrul-de-externe-de-la-chisinau","status":"publish","type":"post","link":"https:\/\/centers.ulbsibiu.ro\/ccsprise\/lact\/tvrmoldova-md-in-republica-moldova-sectii-de-vot-nu-pot-fi-deschise-in-transnistria-declara-ministrul-de-externe-de-la-chisinau\/","title":{"rendered":"Tvrmoldova.md &#8211; \u00cen Republica Moldova, sec\u0163ii de vot nu pot fi deschise \u00een Transnistria, declar\u0103 ministrul de Externe de la Chi\u015fin\u0103u"},"content":{"rendered":"<p class=\"digest\">Ministrul Afacerilor Externe \u015fi Integr\u0103rii Europene, Tudor Ulianovschi, a declarat, \u00een cadrul unui interviu pentru Radio Chi\u015fin\u0103u, c\u0103 autorit\u0103\u0163ile nu recomand\u0103 \u015fi sunt \u00eempotriva deschiderii unor sec\u0163ii de vot pe teritoriul care se afl\u0103 \u00een afar controlului Chi\u015fin\u0103ului.<\/p>\n<div class=\"content\">\n<p>Tudor Ulianovschi a afirmat, referitor la decizia Moscovei de a deschide un num\u0103r impun\u0103tor de sec\u0163ii de vot \u00een st\u00e2nga Nistrului, c\u0103 orice ac\u0163iune de acest gen trebuie coordonat\u0103 cu Ministerul Afacerilor Externe \u015fi cu alte autorit\u0103\u0163i de la Chi\u015fin\u0103u, suger\u00e2nd c\u0103 acest lucru nu s-a \u00eent\u00e2mplat, noteaz\u0103 <a href=\"http:\/\/radiochisinau.md\/tudor-ulianovschi-despre-organizarea-alegerilor-prezidentiale-in-transnistria-suntem-impotriva-deschiderii-unor-sectii-de-vot---64749.html\">sursa citat\u0103<\/a>.<\/p>\n<p>\u201ePozi\u0163ia noastr\u0103 este una cunoscut\u0103. Noi consider\u0103m c\u0103 sec\u0163iile de votare pot fi deschise pe teritoriul constitu\u0163ional controlat de c\u0103tre Guvernul de la Chi\u015fin\u0103u \u015fi nu recomand\u0103m \u015fi suntem \u00eempotriva deschiderii unor sec\u0163ii de votare \u00een afara teritoriului constitu\u0163ional al \u0163\u0103rii noastre\u201d.<\/p>\n<p>Men\u0163ion\u0103m c\u0103 autorit\u0103\u0163ile ruse au decis s\u0103 deschid\u0103 \u00een regiunea transnistrean\u0103 24 sec\u0163ii de vot pentru ca aleg\u0103torii s\u0103 poat\u0103 s\u0103 participe la alagerile preziden\u0163iale din Federa\u0163ia Rus\u0103 care vor avea loc pe 18 martie.<\/p>\n<p>Sursa:\u00a0<a href=\"http:\/\/tvrmoldova.md\/politic\/in-epublica-moldova-sectii-de-vot-nu-pot-fi-deschise-in-transnistria-declara-ministrul-de-externe-de-la-chisinau\/\">http:\/\/tvrmoldova.md\/<\/a><\/p>\n<\/div>\n","protected":false},"excerpt":{"rendered":"<p>Ministrul Afacerilor Externe \u015fi Integr\u0103rii Europene, Tudor Ulianovschi, a declarat, \u00een cadrul unui interviu pentru Radio Chi\u015fin\u0103u, c\u0103 autorit\u0103\u0163ile nu recomand\u0103 \u015fi sunt \u00eempotriva deschiderii unor sec\u0163ii de vot pe teritoriul care se afl\u0103 \u00een afar controlului Chi\u015fin\u0103ului. Tudor Ulianovschi a afirmat, referitor la decizia Moscovei de a deschide un num\u0103r impun\u0103tor de sec\u0163ii de&#8230;<\/p>\n","protected":false},"author":2,"featured_media":0,"comment_status":"closed","ping_status":"open","sticky":false,"template":"","format":"standard","meta":[],"categories":[1],"tags":[],"_links":{"self":[{"href":"https:\/\/centers.ulbsibiu.ro\/ccsprise\/lact\/wp-json\/wp\/v2\/posts\/4434"}],"collection":[{"href":"https:\/\/centers.ulbsibiu.ro\/ccsprise\/lact\/wp-json\/wp\/v2\/posts"}],"about":[{"href":"https:\/\/centers.ulbsibiu.ro\/ccsprise\/lact\/wp-json\/wp\/v2\/types\/post"}],"author":[{"embeddable":true,"href":"https:\/\/centers.ulbsibiu.ro\/ccsprise\/lact\/wp-json\/wp\/v2\/users\/2"}],"replies":[{"embeddable":true,"href":"https:\/\/centers.ulbsibiu.ro\/ccsprise\/lact\/wp-json\/wp\/v2\/comments?post=4434"}],"version-history":[{"count":1,"href":"https:\/\/centers.ulbsibiu.ro\/ccsprise\/lact\/wp-json\/wp\/v2\/posts\/4434\/revisions"}],"predecessor-version":[{"id":4435,"href":"https:\/\/centers.ulbsibiu.ro\/ccsprise\/lact\/wp-json\/wp\/v2\/posts\/4434\/revisions\/4435"}],"wp:attachment":[{"href":"https:\/\/centers.ulbsibiu.ro\/ccsprise\/lact\/wp-json\/wp\/v2\/media?parent=4434"}],"wp:term":[{"taxonomy":"category","embeddable":true,"href":"https:\/\/centers.ulbsibiu.ro\/ccsprise\/lact\/wp-json\/wp\/v2\/categories?post=4434"},{"taxonomy":"post_tag","embeddable":true,"href":"https:\/\/centers.ulbsibiu.ro\/ccsprise\/lact\/wp-json\/wp\/v2\/tags?post=4434"}],"curies":[{"name":"wp","href":"https:\/\/api.w.org\/{rel}","templated":true}]}}