{"id":4432,"date":"2018-03-14T21:03:48","date_gmt":"2018-03-14T19:03:48","guid":{"rendered":"https:\/\/centers.ulbsibiu.ro\/ccsprise\/lact\/?p=4432"},"modified":"2018-03-14T21:03:48","modified_gmt":"2018-03-14T19:03:48","slug":"deschide-md-ignatiev-dezvaluie-care-e-marul-discordiei-in-tratativele-privind-placutele-de-inmatriculare","status":"publish","type":"post","link":"https:\/\/centers.ulbsibiu.ro\/ccsprise\/lact\/deschide-md-ignatiev-dezvaluie-care-e-marul-discordiei-in-tratativele-privind-placutele-de-inmatriculare\/","title":{"rendered":"Deschide.md &#8211; Ignatiev dezv\u0103luie care e m\u0103rul discordiei \u00een tratativele privind pl\u0103cu\u021bele de \u00eenmatriculare"},"content":{"rendered":"<p><span style=\"display: inline !important; float: none; background-color: transparent; color: #888888; font-family: 'Open Sans',sans-serif; font-size: 12px; font-style: normal; font-variant: normal; font-weight: 400; letter-spacing: normal; orphans: 2; text-align: left; text-decoration: none; text-indent: 0px; text-transform: none; -webkit-text-stroke-width: 0px; white-space: normal; word-spacing: 0px;\">Author: Vasile Cojocari <\/span><\/p>\n<p><span style=\"color: #000000; font-family: Times New Roman;\">A\u0219a-zisul ministru de externe de la Tiraspol, Vitalie Ignatiev, i-a raportat ast\u0103zi liderului regiunii, Vadim Krasnoselski, despre stadiul negocierilor cu Chi\u0219in\u0103ul \u00een problema numerelor neutre pentru ma\u0219inile din regiunea transnistrean\u0103, pentru ca acestea s\u0103 aib\u0103 acces \u00een traficul rutier interna\u021bional, se scrie \u00eentr-un comunicat al a\u0219a-numitei pre\u0219edin\u021bii.<\/span><\/p>\n<p><span style=\"color: #000000; font-family: Times New Roman;\">Mai exact, Ignatiev, care a participat la \u0219edin\u021bele grupurilor de profil, unde s-a negociat acest subiect, i s-a pl\u00e2ns lui Krasnoselski c\u0103 \u201epartea moldoveneasc\u0103 nu renun\u021b\u0103 la abordarea sa discriminatorie\u201d.<\/span><\/p>\n<p><span style=\"color: #000000; font-family: Times New Roman;\">\u201ePartea moldoveneasc\u0103 nu este gata s\u0103-i recunoasc\u0103 (\u00een calitate de participan\u021bi la traficul rutier interna\u021bional \u2013 n.red) pe to\u021bi locuitorii Transnistriei care nu au cet\u0103\u021benie moldoveneasc\u0103\u201d, a spus Ignatiev.<\/span><\/p>\n<p><span style=\"color: #000000; font-family: Times New Roman;\">Surse guvernamentale ale DESCHIDE.MD ne-au explicat \u00een detalii \u00een ce const\u0103 dolean\u021bele liderilor separati\u0219ti.<\/span><\/p>\n<p><span style=\"color: #000000; font-family: Times New Roman;\">\u201e\u00cen regiunea transnistrean\u0103 locuiesc persoane care de\u021bin cet\u0103\u021benia R.Moldova \u0219i care trebuie s\u0103 primeasc\u0103 acelea\u0219i numere sau acelea\u0219i certificate ca \u0219i restul cet\u0103\u021benilor R.Moldova. \u00cen cazul dat noi avem circa 320 de mii de locuitori din regiunea transnistrean\u0103 care de\u021bin cet\u0103\u021benia moldoveneasc\u0103. Ace\u0219tia pot beneficia \u00een condi\u021bii preferen\u021biale f\u0103r\u0103 plata taxelor vamale sau altceva, s\u0103 pl\u0103teasc\u0103 taxa simbolic\u0103 de \u00eenmatriculare a transportului, actele \u0219i pl\u0103cu\u021ba\u201d, ne-a spus sursa.<\/span><\/p>\n<p><span style=\"color: #000000; font-family: Times New Roman;\">Problema \u00eens\u0103 e \u00een persoanele str\u0103ine care locuiesc \u00een Transnistria \u0219i c\u0103rora Tiraspolul vrea s\u0103 le fie oferit acces \u00een traficul interna\u021bional f\u0103r\u0103 ca acestea s\u0103 se afle \u00eentr-o minim\u0103 eviden\u021b\u0103 a autorit\u0103\u021bilor constitu\u021bionale.<\/span><\/p>\n<p><span style=\"color: #000000; font-family: Times New Roman;\">\u201eM\u0103 refer la ucraineni, ru\u0219i, bulgari \u0219i al\u021bii care de\u021bin a\u0219a-zisa cet\u0103\u021benie transnistrean\u0103. Ace\u0219tia au acte de circula\u021bie interna\u021bionale recunoscute \u0219i locuiesc temporar sau permanent pe teritoriul R.Moldova \u00een raioanele de est ale \u021b\u0103rii. \u00cen cazul dat, pentru a putea beneficia de procesul de \u00eenmatriculare, ei trebuie s\u0103 fie lua\u021bi \u00eentr-o eviden\u021b\u0103 minim\u0103 cel pu\u021bin la Biroul de Migra\u021bie \u0219i Azil al R.Moldova. \u00cen caz contrar, autorit\u0103\u021bile moldovene\u0219ti nu pot \u00eenmatricula un mijloc de transport dac\u0103 acesta nu se afl\u0103 la niciun fel de eviden\u021b\u0103 \u0219i nu cunoa\u0219tem cine e persoana respectiv\u0103\u201d, ne-a explicat sursa.<\/span><\/p>\n<p><span style=\"color: #000000; font-family: Times New Roman;\">Aceasta ne-a mai spus c\u0103 se ia \u00een calcul \u0219i faptul c\u0103 autorit\u0103\u021bile separatiste ofer\u0103 foarte u\u0219or \u201ecet\u0103\u021benia transnistrean\u0103 celor care o solicit\u0103\u201d.<\/span><\/p>\n<p><span style=\"color: #000000; font-family: Times New Roman;\">\u201e\u00cen ultimii doi ani, num\u0103rul a\u0219a-zi\u0219ilor cet\u0103\u021beni transnistreni a crescut cu circa 20 de mii de locuitori. Noi nu \u0219tim cine-s aceia, dar purt\u0103m responsabilitate pentru ce fac ei \u00een traficul interna\u021bional\u201d, a precizat sursa. <\/span><\/p>\n<p><span style=\"color: #000000; font-family: Times New Roman;\">De asemenea, sursa noastr\u0103 ne-a mai comunicat c\u0103 \u00een negocierile privind acest subiect sunt \u0219i alte probleme \u00een care p\u0103r\u021bile nu pot g\u0103si un compromis.<\/span><\/p>\n<p>Sursa:\u00a0<a href=\"https:\/\/deschide.md\/ro\/stiri\/politic\/27827\/Ignatiev-dezv\u0103luie-care-e-m\u0103rul-discordiei-\u00een-tratativele-privind-pl\u0103cu\u021bele-de-\u00eenmatriculare.htm\">https:\/\/deschide.md\/<\/a><\/p>\n","protected":false},"excerpt":{"rendered":"<p>Author: Vasile Cojocari A\u0219a-zisul ministru de externe de la Tiraspol, Vitalie Ignatiev, i-a raportat ast\u0103zi liderului regiunii, Vadim Krasnoselski, despre stadiul negocierilor cu Chi\u0219in\u0103ul \u00een problema numerelor neutre pentru ma\u0219inile din regiunea transnistrean\u0103, pentru ca acestea s\u0103 aib\u0103 acces \u00een traficul rutier interna\u021bional, se scrie \u00eentr-un comunicat al a\u0219a-numitei pre\u0219edin\u021bii. Mai exact, Ignatiev, care a&#8230;<\/p>\n","protected":false},"author":2,"featured_media":0,"comment_status":"closed","ping_status":"open","sticky":false,"template":"","format":"standard","meta":[],"categories":[1],"tags":[],"_links":{"self":[{"href":"https:\/\/centers.ulbsibiu.ro\/ccsprise\/lact\/wp-json\/wp\/v2\/posts\/4432"}],"collection":[{"href":"https:\/\/centers.ulbsibiu.ro\/ccsprise\/lact\/wp-json\/wp\/v2\/posts"}],"about":[{"href":"https:\/\/centers.ulbsibiu.ro\/ccsprise\/lact\/wp-json\/wp\/v2\/types\/post"}],"author":[{"embeddable":true,"href":"https:\/\/centers.ulbsibiu.ro\/ccsprise\/lact\/wp-json\/wp\/v2\/users\/2"}],"replies":[{"embeddable":true,"href":"https:\/\/centers.ulbsibiu.ro\/ccsprise\/lact\/wp-json\/wp\/v2\/comments?post=4432"}],"version-history":[{"count":1,"href":"https:\/\/centers.ulbsibiu.ro\/ccsprise\/lact\/wp-json\/wp\/v2\/posts\/4432\/revisions"}],"predecessor-version":[{"id":4433,"href":"https:\/\/centers.ulbsibiu.ro\/ccsprise\/lact\/wp-json\/wp\/v2\/posts\/4432\/revisions\/4433"}],"wp:attachment":[{"href":"https:\/\/centers.ulbsibiu.ro\/ccsprise\/lact\/wp-json\/wp\/v2\/media?parent=4432"}],"wp:term":[{"taxonomy":"category","embeddable":true,"href":"https:\/\/centers.ulbsibiu.ro\/ccsprise\/lact\/wp-json\/wp\/v2\/categories?post=4432"},{"taxonomy":"post_tag","embeddable":true,"href":"https:\/\/centers.ulbsibiu.ro\/ccsprise\/lact\/wp-json\/wp\/v2\/tags?post=4432"}],"curies":[{"name":"wp","href":"https:\/\/api.w.org\/{rel}","templated":true}]}}