{"id":4427,"date":"2018-03-14T20:53:07","date_gmt":"2018-03-14T18:53:07","guid":{"rendered":"https:\/\/centers.ulbsibiu.ro\/ccsprise\/lact\/?p=4427"},"modified":"2018-03-14T20:53:49","modified_gmt":"2018-03-14T18:53:49","slug":"10tv-md-ransnistria-gata-sa-investeasca-ultimii-bani-in-intretinerea-armatei-si-serviciilor-de-securitate-krasnoselskiin-pofida-deficitului-bugetar","status":"publish","type":"post","link":"https:\/\/centers.ulbsibiu.ro\/ccsprise\/lact\/10tv-md-ransnistria-gata-sa-investeasca-ultimii-bani-in-intretinerea-armatei-si-serviciilor-de-securitate-krasnoselskiin-pofida-deficitului-bugetar\/","title":{"rendered":"10tv.md &#8211; Transnistria, gata s\u0103 investeasc\u0103 ultimii bani \u00een \u00eentre\u021binerea armatei \u0219i serviciilor de securitate? Krasnoselski:\u201e\u00cen pofida deficitului bugetar\u2026\u201d"},"content":{"rendered":"<p><strong>Se pare c\u0103 regiunea transnistrean\u0103 este gata s\u0103 investeasc\u0103 sume mari pentru \u00eentre\u021binerea militarilor, armatei \u0219i serviciilor de securitate. Liderul de la Tiraspol, Vadim Krasnoselski, a declarat c\u0103\u00a0\u00een pofida deficitului bugetar considerabil, ar trebui alocate \u00een mod special fonduri pentru serviciile de p\u0103strare a ordinii, ap\u0103r\u0103rii \u0219i securit\u0103\u021bii statului.<\/strong><\/p>\n<p>Declara\u021biile au fost f\u0103cute \u00een cadrul \u00eentrevederii dintre a\u0219a-numitul pre\u0219edinte al regiunii nerecunoscute cu reprezentan\u021bii \u201eministerelor din blocul de for\u021b\u0103\u201d.<\/p>\n<p><em>\u201eFinan\u021barea este foarte important\u0103, pentru c\u0103 oamenii \u00een uniform\u0103 sunt zilnic la datorie. Militarii \u00een teren, ofi\u021berii de patrulare, vame\u0219ii, Comitetul de Investiga\u021bii, ar trebui s\u0103 fie asigura\u021bi cu cele necesare. Trebuie s\u0103 cre\u0103m pentru ei condi\u021bii adecvate de serviciu, s\u0103 le asigur\u0103m la timp \u0219i \u00een \u00eentregime plata salariilor. Trebuie s\u0103 \u00een\u021belegem c\u0103 cet\u0103\u021benii no\u0219tri activeaz\u0103 aici. Dac\u0103 nu vor fi recompensa\u021bi decent din partea statului pentru munca pe care o fac, situa\u021bia ar putea avea consecin\u021be grave.\u00a0\u00cen ciuda deficitului bugetar, fonduri pentru ordine, ap\u0103rarea \u0219i securitatea statului trebuie alocate\u201d,<\/em>\u00a0a declarat Krasnoselski.<\/p>\n<p><span style=\"display: inline !important; float: none; background-color: transparent; color: #222222; font-family: 'Montserrat',sans-serif; font-size: 16px; font-style: normal; font-variant: normal; font-weight: 400; letter-spacing: normal; line-height: 25.33px; orphans: 2; text-align: left; text-decoration: none; text-indent: 0px; text-transform: none; -webkit-text-stroke-width: 0px; white-space: normal; word-spacing: 0px;\">Totodat\u0103, liderul transnistrean le-a sugerat mini\u0219trilor s\u0103 g\u0103seasc\u0103 surse financiare c\u00e2t mai repede posibil.<\/span><\/p>\n<p>Sursa:\u00a0<a href=\"https:\/\/10tv.md\/2018\/03\/14\/transnistria-gata-sa-investeasca-ultimii-bani-in-intretinerea-armatei-si-serviciilor-de-securitate-krasnoselskiin-pofida-deficitului-bugetar\/\">https:\/\/10tv.md<\/a><\/p>\n","protected":false},"excerpt":{"rendered":"<p>Se pare c\u0103 regiunea transnistrean\u0103 este gata s\u0103 investeasc\u0103 sume mari pentru \u00eentre\u021binerea militarilor, armatei \u0219i serviciilor de securitate. Liderul de la Tiraspol, Vadim Krasnoselski, a declarat c\u0103\u00a0\u00een pofida deficitului bugetar considerabil, ar trebui alocate \u00een mod special fonduri pentru serviciile de p\u0103strare a ordinii, ap\u0103r\u0103rii \u0219i securit\u0103\u021bii statului. Declara\u021biile au fost f\u0103cute \u00een cadrul&#8230;<\/p>\n","protected":false},"author":2,"featured_media":0,"comment_status":"closed","ping_status":"open","sticky":false,"template":"","format":"standard","meta":[],"categories":[1],"tags":[],"_links":{"self":[{"href":"https:\/\/centers.ulbsibiu.ro\/ccsprise\/lact\/wp-json\/wp\/v2\/posts\/4427"}],"collection":[{"href":"https:\/\/centers.ulbsibiu.ro\/ccsprise\/lact\/wp-json\/wp\/v2\/posts"}],"about":[{"href":"https:\/\/centers.ulbsibiu.ro\/ccsprise\/lact\/wp-json\/wp\/v2\/types\/post"}],"author":[{"embeddable":true,"href":"https:\/\/centers.ulbsibiu.ro\/ccsprise\/lact\/wp-json\/wp\/v2\/users\/2"}],"replies":[{"embeddable":true,"href":"https:\/\/centers.ulbsibiu.ro\/ccsprise\/lact\/wp-json\/wp\/v2\/comments?post=4427"}],"version-history":[{"count":2,"href":"https:\/\/centers.ulbsibiu.ro\/ccsprise\/lact\/wp-json\/wp\/v2\/posts\/4427\/revisions"}],"predecessor-version":[{"id":4429,"href":"https:\/\/centers.ulbsibiu.ro\/ccsprise\/lact\/wp-json\/wp\/v2\/posts\/4427\/revisions\/4429"}],"wp:attachment":[{"href":"https:\/\/centers.ulbsibiu.ro\/ccsprise\/lact\/wp-json\/wp\/v2\/media?parent=4427"}],"wp:term":[{"taxonomy":"category","embeddable":true,"href":"https:\/\/centers.ulbsibiu.ro\/ccsprise\/lact\/wp-json\/wp\/v2\/categories?post=4427"},{"taxonomy":"post_tag","embeddable":true,"href":"https:\/\/centers.ulbsibiu.ro\/ccsprise\/lact\/wp-json\/wp\/v2\/tags?post=4427"}],"curies":[{"name":"wp","href":"https:\/\/api.w.org\/{rel}","templated":true}]}}